{"id":61853,"date":"2017-04-19T08:18:26","date_gmt":"2017-04-19T11:18:26","guid":{"rendered":"http:\/\/argentinamunicipal.com.ar\/argentina\/?p=61853"},"modified":"2017-04-19T08:18:26","modified_gmt":"2017-04-19T11:18:26","slug":"villa-maria-sera-sede-debate-educacion-america-latina","status":"publish","type":"post","link":"http:\/\/argentinamunicipal.com.ar\/argentina\/villa-maria-sera-sede-debate-educacion-america-latina\/","title":{"rendered":"Villa Mar\u00eda ser\u00e1 sede de debate sobre educaci\u00f3n en Am\u00e9rica Latina"},"content":{"rendered":"<p>La primera reuni\u00f3n de la Unesco en Villa Mar\u00eda se extender\u00e1 por tres jornadas desde el 26 de abril<\/p>\n<p>Representantes de Ciudades del Aprendizaje de Am\u00e9rica Latina y el Caribe arribar\u00e1n a nuestra ciudad para participar del primer encuentro oficial, organizado por la Unesco en conjunto con el municipio.<\/p>\n<p>El encuentro se extender\u00e1 por tres jornadas, desde el pr\u00f3ximo 26 hasta el 28 de abril y todas las actividades se desarrollar\u00e1n en las instalaciones del Hotel Amerian, sobre la ruta 158.<\/p>\n<p>En paralelo, se desarrollar\u00e1n reuniones por el Programa de Educaci\u00f3n para el Desarrollo Sostenible, del mismo organismo internacional.<\/p>\n<p>Han confirmado su asistencia 40 localidades de distintos pa\u00edses, \u201ccon realidades muy diferentes entre s\u00ed\u201d, tales como Bolivia, Brasil, Colombia, M\u00e9xico, Chile, Panam\u00e1, Costa Rica, Per\u00fa e incluso de ciudades angloparlantes del Caribe.<\/p>\n<p>Tambi\u00e9n asistir\u00e1n disertantes de otros continentes, como representantes de la ciudad irlandesa de Cork. Adem\u00e1s, se cursaron invitaciones a intendentes, senadores, diputados, legisladores y representantes de los ministerios de Educaci\u00f3n de la Naci\u00f3n, de C\u00f3rdoba y de otras provincias.<\/p>\n<p><strong>Distinguida\u00a0en el mundo<\/strong><\/p>\n<p>Villa Mar\u00eda solicit\u00f3 ser incorporada a la Red de Ciudades del Aprendizaje a trav\u00e9s del Ministerio de Educaci\u00f3n de la Naci\u00f3n y fue admitida como tal el a\u00f1o pasado.<\/p>\n<p>Durante 2017, la Unesco distingui\u00f3 a 16 ciudades en el mundo, s\u00f3lo dos en Am\u00e9rica Latina, una de ellas nuestra ciudad.<\/p>\n<p>\u201cEsto nos estimula, promueve y obliga a seguir con m\u00e1s fuerzas este compromiso, que supera a un gobierno. Cuando hablamos de Ciudad del Aprendizaje hablamos de una construcci\u00f3n colectiva y que trasciende lo meramente escolar. Si bien la escuela es un \u00e1mbito prioritario en el proceso de aprendizaje, entendemos que \u00e9ste tambi\u00e9n se da fuera de la escuela y por lo tanto hay que construir una comunidad que se prepare de forma permanente y constante para poder alcanzarlo\u201d, manifest\u00f3 el intendente Mart\u00edn Gill ante los medios de prensa.<\/p>\n<p><strong>Exposici\u00f3n y debate<\/strong><\/p>\n<p>El 26 se realizar\u00e1n tres reuniones plenarias conjuntas para la Red de Ciudades del Aprendizaje y para el Programa de Desarrollo Sostenible, en donde habr\u00e1 expositores y posteriormente un debate. El jueves 27 se dedicar\u00e1 al desarrollo de sesiones conjuntas entre ambas redes y se compartir\u00e1n las experiencias de las distintas ciudades. El viernes 28 habr\u00e1 actividades en la Universidad Nacional de Villa Mar\u00eda, complement\u00e1ndolo con encuentros en el territorio urbano (como el Parque de la Vida) y el rural.<\/p>\n<p><strong>Visi\u00f3n a futuro<\/strong><\/p>\n<p>Mart\u00edn Gill se\u00f1al\u00f3 que la asignaci\u00f3n de Ciudad del Aprendizaje \u201cnos implica responsabilidad m\u00e1s que honores\u201d y por eso casi el 10% del presupuesto de la ciudad es destinado a educaci\u00f3n. Por citar ejemplos, se destacaron medidas como los equipos t\u00e9cnicos interdisciplinarios de acompa\u00f1amiento escolar para evitar la deserci\u00f3n, el Bibliom\u00f3vil (un utilitario adaptado que acerca los libros de la biblioteca municipal a los barrios) o la red de 13 guarder\u00edas municipales que brindan contenci\u00f3n a 1.200 ni\u00f1os de entre 45 d\u00edas y 3 a\u00f1os. Tambi\u00e9n los 13 centros de alfabetizaci\u00f3n de adultos que funcionan en los barrios y el hecho de que los ni\u00f1os y ni\u00f1as de la ciudad elijan a su propio intendente y viceintendente.<\/p>\n<p>\u201cLo que transforma la realidad de la gente, no me cabe ninguna duda, es que un chico pueda ir a la guarder\u00eda municipal. La realidad cambia con un Estado presente y vamos por m\u00e1s\u201d, destac\u00f3 Gill.<\/p>\n<p>\u201cLos resultados se podr\u00e1n medir a lo mejor en 10 o 15 a\u00f1os, pero un momento tiene que ser el punto de partida, que no sea s\u00f3lo la represi\u00f3n. Un elemento tiene que ser el cambio o el click y ese es el objetivo tambi\u00e9n de este encuentro\u201d, finaliz\u00f3.<\/p>\n<p><strong>Red de Ciudades\u00a0del Aprendizaje<\/strong><\/p>\n<p>Villa Mar\u00eda integra esta red desde el a\u00f1o pasado, junto a 500 ciudades de diferentes continentes. Las conclusiones del encuentro, que ser\u00e1n plasmadas en un documento, formar\u00e1n parte de la agenda de la reuni\u00f3n mundial de la red, que se llevar\u00e1 a cabo en septiembre en la ciudad irlandesa de Cork. All\u00ed, Villa Mar\u00eda recibir\u00e1 formalmente la distinci\u00f3n como Ciudad del Aprendizaje.<\/p>\n<h6>Fuente: El Diario del Centro del Pa\u00eds<\/h6>\n","protected":false},"excerpt":{"rendered":"<p>La primera reuni\u00f3n de la Unesco en Villa Mar\u00eda se extender\u00e1 por tres jornadas desde el 26 de abril<\/p>\n","protected":false},"author":2,"featured_media":61854,"comment_status":"closed","ping_status":"closed","sticky":false,"template":"","format":"standard","meta":{"footnotes":""},"categories":[2],"tags":[3],"class_list":["post-61853","post","type-post","status-publish","format-standard","has-post-thumbnail","hentry","category-informe-municipal","tag-cordoba"],"_links":{"self":[{"href":"http:\/\/argentinamunicipal.com.ar\/argentina\/wp-json\/wp\/v2\/posts\/61853","targetHints":{"allow":["GET"]}}],"collection":[{"href":"http:\/\/argentinamunicipal.com.ar\/argentina\/wp-json\/wp\/v2\/posts"}],"about":[{"href":"http:\/\/argentinamunicipal.com.ar\/argentina\/wp-json\/wp\/v2\/types\/post"}],"author":[{"embeddable":true,"href":"http:\/\/argentinamunicipal.com.ar\/argentina\/wp-json\/wp\/v2\/users\/2"}],"replies":[{"embeddable":true,"href":"http:\/\/argentinamunicipal.com.ar\/argentina\/wp-json\/wp\/v2\/comments?post=61853"}],"version-history":[{"count":0,"href":"http:\/\/argentinamunicipal.com.ar\/argentina\/wp-json\/wp\/v2\/posts\/61853\/revisions"}],"wp:featuredmedia":[{"embeddable":true,"href":"http:\/\/argentinamunicipal.com.ar\/argentina\/wp-json\/wp\/v2\/media\/61854"}],"wp:attachment":[{"href":"http:\/\/argentinamunicipal.com.ar\/argentina\/wp-json\/wp\/v2\/media?parent=61853"}],"wp:term":[{"taxonomy":"category","embeddable":true,"href":"http:\/\/argentinamunicipal.com.ar\/argentina\/wp-json\/wp\/v2\/categories?post=61853"},{"taxonomy":"post_tag","embeddable":true,"href":"http:\/\/argentinamunicipal.com.ar\/argentina\/wp-json\/wp\/v2\/tags?post=61853"}],"curies":[{"name":"wp","href":"https:\/\/api.w.org\/{rel}","templated":true}]}}