{"id":61865,"date":"2017-04-19T08:37:56","date_gmt":"2017-04-19T11:37:56","guid":{"rendered":"http:\/\/argentinamunicipal.com.ar\/argentina\/?p=61865"},"modified":"2017-04-19T08:37:56","modified_gmt":"2017-04-19T11:37:56","slug":"rechazan-proyecto-agrupar-las-vecinales-parana-regiones","status":"publish","type":"post","link":"http:\/\/argentinamunicipal.com.ar\/argentina\/rechazan-proyecto-agrupar-las-vecinales-parana-regiones\/","title":{"rendered":"Rechazan el proyecto para agrupar a las vecinales de Paran\u00e1 en regiones"},"content":{"rendered":"<p>Las vecinales de Paran\u00e1 rechazan la iniciativa porque consideran que el objetivo es \u201cdividir la Asamblea\u201d \u2022 Reclaman una reuni\u00f3n con Varisco y exigen que se frene su implementaci\u00f3n hasta concretar ese encuentro, se inform\u00f3 a APFDigital<\/p>\n<p>La Asamblea Ciudadana Vecinalista de Paran\u00e1 se reuni\u00f3 el lunes en la sede de la Vecinal Santa Luc\u00eda y elabor\u00f3 un documento donde expresa su oposici\u00f3n al proyecto del Ejecutivo municipal que pretende agrupar las 270 vecinales de la ciudad en 10 regiones.<\/p>\n<p>\u201cRechazamos la manera inconsulta a trav\u00e9s de la cual se llevan a cabo este tipo de pol\u00edticas vinculadas directamente al vecinalismo\u201d, se lee en el documento, que el mi\u00e9rcoles ser\u00e1 entregado al intendente Sergio Varisco.<\/p>\n<p>Tambi\u00e9n consideraron \u201cextra\u00f1o y llamativo\u201d que desde el Municipio aduzcan que elproyecto tuvo una \u201crecepci\u00f3n masiva del vecinalismo\u201d y que la Direcci\u00f3n de Vecinales \u201cest\u00e1 en contacto con ellos todos los d\u00edas\u201d. Seg\u00fan la Asamblea, esas son \u201cvacuas palabras que no se ven reflejadas en los hechos\u201d.<\/p>\n<p>En ese sentido, una de las referentes de la Asamblea, Alicia Glauser, record\u00f3 en di\u00e1logo con esta Agencia que en una reuni\u00f3n que mantuvieron con Varisco el 5 de marzo pasado, el Intendente \u201cse comprometi\u00f3 a llamar a dos vecinales por semana y nunca lo hizo\u201d. En cambio, ahora \u201cse junt\u00f3 con una persona que no es vecinalista, que arm\u00f3 una federaci\u00f3n que no existe, para que maneje todo\u201d, se quej\u00f3, en referencia a Miguel \u00c1ngel Le\u00f3n, presidente de la Uni\u00f3n Entrerriana de Entidades Vecinales y Comunitarias.<\/p>\n<p>La Asamblea reclama al Ejecutivo municipal que \u201ca la brevedad\u201d se la convoque para que se les brinden \u201cdetalles de todo lo anunciado\u201d. Tambi\u00e9n para \u201ctrabajar en conjunto aportando nuestra mirada desde la realidad de los barrios\u201d.<\/p>\n<p>\u201cQueremos que el Intendente\u00a0 nos explique por qu\u00e9 resolvi\u00f3 por su cuenta junto a un peque\u00f1o grupo que no nos representa, porque no son vecinalistas\u201d, subray\u00f3 Glauser. Adem\u00e1s remarc\u00f3: \u201cLo acusamos de querer dividir a las vecinales. Suponemos que est\u00e1n buscando la forma de desarmar la Asamblea, que est\u00e1 creciendo y se fortalece. El objetivo de la Asamblea es la igualdad de condiciones para toda la ciudad. Parece que molestamos\u201d.<\/p>\n<h6>Fuente: APFDigital<\/h6>\n","protected":false},"excerpt":{"rendered":"<p>Las vecinales de Paran\u00e1 rechazan la iniciativa porque consideran que el objetivo es \u201cdividir la Asamblea\u201d \u2022 Reclaman una reuni\u00f3n con Varisco y exigen que se frene su implementaci\u00f3n hasta concretar ese encuentro<\/p>\n","protected":false},"author":2,"featured_media":61866,"comment_status":"closed","ping_status":"closed","sticky":false,"template":"","format":"standard","meta":{"footnotes":""},"categories":[2],"tags":[17],"class_list":["post-61865","post","type-post","status-publish","format-standard","has-post-thumbnail","hentry","category-informe-municipal","tag-entre-rios"],"_links":{"self":[{"href":"http:\/\/argentinamunicipal.com.ar\/argentina\/wp-json\/wp\/v2\/posts\/61865","targetHints":{"allow":["GET"]}}],"collection":[{"href":"http:\/\/argentinamunicipal.com.ar\/argentina\/wp-json\/wp\/v2\/posts"}],"about":[{"href":"http:\/\/argentinamunicipal.com.ar\/argentina\/wp-json\/wp\/v2\/types\/post"}],"author":[{"embeddable":true,"href":"http:\/\/argentinamunicipal.com.ar\/argentina\/wp-json\/wp\/v2\/users\/2"}],"replies":[{"embeddable":true,"href":"http:\/\/argentinamunicipal.com.ar\/argentina\/wp-json\/wp\/v2\/comments?post=61865"}],"version-history":[{"count":0,"href":"http:\/\/argentinamunicipal.com.ar\/argentina\/wp-json\/wp\/v2\/posts\/61865\/revisions"}],"wp:featuredmedia":[{"embeddable":true,"href":"http:\/\/argentinamunicipal.com.ar\/argentina\/wp-json\/wp\/v2\/media\/61866"}],"wp:attachment":[{"href":"http:\/\/argentinamunicipal.com.ar\/argentina\/wp-json\/wp\/v2\/media?parent=61865"}],"wp:term":[{"taxonomy":"category","embeddable":true,"href":"http:\/\/argentinamunicipal.com.ar\/argentina\/wp-json\/wp\/v2\/categories?post=61865"},{"taxonomy":"post_tag","embeddable":true,"href":"http:\/\/argentinamunicipal.com.ar\/argentina\/wp-json\/wp\/v2\/tags?post=61865"}],"curies":[{"name":"wp","href":"https:\/\/api.w.org\/{rel}","templated":true}]}}