{"id":61868,"date":"2017-04-19T08:41:22","date_gmt":"2017-04-19T11:41:22","guid":{"rendered":"http:\/\/argentinamunicipal.com.ar\/argentina\/?p=61868"},"modified":"2017-04-19T08:41:22","modified_gmt":"2017-04-19T11:41:22","slug":"intendente-quilmes-presento-programa-democratizar-la-asignacion-recursos","status":"publish","type":"post","link":"http:\/\/argentinamunicipal.com.ar\/argentina\/intendente-quilmes-presento-programa-democratizar-la-asignacion-recursos\/","title":{"rendered":"El intendente de Quilmes present\u00f3 un programa para \u00abdemocratizar\u00bb la asignaci\u00f3n de recursos"},"content":{"rendered":"<p>El intendente de Quilmes, Martiniano Molina, present\u00f3 el programa de participaci\u00f3n ciudadana \u201cTu Barrio Propone\u201d, para que a trav\u00e9s de distintos foros vecinales, se generen propuestas y proyectos de car\u00e1cter comunitario para los barrios del distrito.<\/p>\n<p>Con el objetivo de \u00abdemocratizar\u00bb y mostrar con \u00abtotal transparencia\u00bb la asignaci\u00f3n de recursos, el intendente de Quilmes, Martiniano Molina, present\u00f3 el programa de participaci\u00f3n ciudadana \u201cTu Barrio Propone\u201d, para que a trav\u00e9s de distintos foros vecinales, se generen propuestas y proyectos de car\u00e1cter comunitario para los barrios del distrito.<\/p>\n<p>\u201cLa \u00fanica manera de hacer pol\u00edtica es escuchar y estar cerca de los vecinos\u201d sostuvo Molina, quien firm\u00f3 adem\u00e1s dos convenios de cooperaci\u00f3n en capacitaci\u00f3n y realizaci\u00f3n de cursos, los cuales celebr\u00f3 \u00abporque sabemos que la participaci\u00f3n ciudadana es el camino correcto\u201d.<\/p>\n<p>\u201cEs la gesti\u00f3n comunal la que termina cambiando sustancialmente la vida de la gente y ese cambio hay que poder construirlo para el vecino, \u00a0generar mecanismos de participaci\u00f3n para que exista un ida y vuelta con el ciudadano y as\u00ed definir las prioridades en cuanto a las necesidades de Quilmes\u201d, expres\u00f3 el secretario de Asuntos Pol\u00edticos e Institucionales de Naci\u00f3n, Adri\u00e1n P\u00e9rez.<\/p>\n<p>Desde la Subsecretar\u00eda de Participaci\u00f3n Ciudadana, a cargo de Diego Buffone, detallaron que podr\u00e1n participar todos los ciudadanos mayores de 18 a\u00f1os o miembros de ONG que residan en el radio establecido. Adem\u00e1s informaron que se tomar\u00e1n en cuenta los proyectos que tengan car\u00e1cter de comunitario, que est\u00e9 enmarcado dentro de las facultades y jurisdicci\u00f3n del Municipio, que el presupuesto se adecue a los l\u00edmites establecidos y que posea factibilidad t\u00e9cnica.<\/p>\n<p>\u201cLos objetivos que nos hemos propuesto es promover la participaci\u00f3n de los vecinos, la distribuci\u00f3n de los recursos p\u00fablicos, para fortalecer la relaci\u00f3n Estado sociedad mediante mecanismos participativos y defender el papel del vecino como una voz autorizada al hablar de las prioridades barriales\u201d, asegur\u00f3 Diego Buffone.<\/p>\n<p>Los barrios donde se llevar\u00e1n a cabo los primeros encuentros est\u00e1n comprendidos dentro de las siguientes zonas: La Colonia, delimitado por las avenidas La Plata, Rodolfo L\u00f3pez, 12 de Octubre y las v\u00edas del ferrocarril; Bernal, los barrios que comprenden el radio que est\u00e1n entre las avenidas Dardo Rocha, Cerrito, Lamadrid y las avenidas del ferrocarril; Quilmes oeste, entre las avenidas General Acha, Amoedo, Mosconi y calle Brasil y Quilmes, entre avenida Las Heras, Cevallos, Brandsen y las v\u00edas del ferrocarril.<\/p>\n<p>Si bien los lugares a\u00fan no se han definido, las fechas de foros vecinales para las distintas zonas ya han sido asignadas; para Quilmes, 2 y 11 de mayo, 5 y 30 de junio; para La Colonia 3 y 16 de mayo, 1 y 15 de junio; Quilmes oeste, 4 y 5 de mayo, 6 y 7 de junio; y Bernal los d\u00edas 9 y 10 de mayo, y 13 y 14 de junio.<\/p>\n<p>En relaci\u00f3n a los convenios,\u00a0 el Director Nacional de Relaciones con la Comunidad de la Naci\u00f3n, Mart\u00edn Scotto expres\u00f3; \u201clo que proponemos con la firma de estos convenios es un intercambio de los conocimientos, de informaci\u00f3n, de recursos que tengan que ver con mejorar la relaci\u00f3n del Estado &#8211; Municipio, con el vecino\u201d.<\/p>\n<p>Por parte del Municipio estuvieron presentes el secretario de Gobierno y Derechos Humanos, Guillermo Galetto; el secretario de seguridad, Mat\u00edas Zarco; la titular del bloque Cambiemos del Honorable Concejo Deliberante de Quilmes, Raquel Coldani y\u00a0 el subsecretario de Participaci\u00f3n Ciudadana, Diego Buffone, entre otros<\/p>\n<p>En representaci\u00f3n del Ministerio del Interior, Obras P\u00fablicas y Vivienda de la Naci\u00f3n estuvieron el secretario de Asuntos Pol\u00edticos e Institucionales, Adri\u00e1n P\u00e9rez; el director Nacional de Relaciones con la comunidad, Mart\u00edn Scotto; la directora de Fortalecimiento Institucional y Participaci\u00f3n Ciudadana, Mar\u00eda Fernanda Araujo. Tambi\u00e9n estuvieron Diego Lanzelotti, director de Poblaci\u00f3n de Naci\u00f3n Luis Parodi, subsecretario de Participaci\u00f3n Ciudadana de Vicente L\u00f3pez.<\/p>\n<h6>Fuente: InfoCielo<\/h6>\n","protected":false},"excerpt":{"rendered":"<p>El intendente de Quilmes, Martiniano Molina, present\u00f3 el programa de participaci\u00f3n ciudadana \u201cTu Barrio Propone\u201d, para que a trav\u00e9s de distintos foros vecinales, se generen propuestas y proyectos de car\u00e1cter comunitario para los barrios del distrito.<\/p>\n","protected":false},"author":2,"featured_media":61869,"comment_status":"closed","ping_status":"closed","sticky":false,"template":"","format":"standard","meta":{"footnotes":""},"categories":[2],"tags":[12],"class_list":["post-61868","post","type-post","status-publish","format-standard","has-post-thumbnail","hentry","category-informe-municipal","tag-buenos-aires"],"_links":{"self":[{"href":"http:\/\/argentinamunicipal.com.ar\/argentina\/wp-json\/wp\/v2\/posts\/61868","targetHints":{"allow":["GET"]}}],"collection":[{"href":"http:\/\/argentinamunicipal.com.ar\/argentina\/wp-json\/wp\/v2\/posts"}],"about":[{"href":"http:\/\/argentinamunicipal.com.ar\/argentina\/wp-json\/wp\/v2\/types\/post"}],"author":[{"embeddable":true,"href":"http:\/\/argentinamunicipal.com.ar\/argentina\/wp-json\/wp\/v2\/users\/2"}],"replies":[{"embeddable":true,"href":"http:\/\/argentinamunicipal.com.ar\/argentina\/wp-json\/wp\/v2\/comments?post=61868"}],"version-history":[{"count":0,"href":"http:\/\/argentinamunicipal.com.ar\/argentina\/wp-json\/wp\/v2\/posts\/61868\/revisions"}],"wp:featuredmedia":[{"embeddable":true,"href":"http:\/\/argentinamunicipal.com.ar\/argentina\/wp-json\/wp\/v2\/media\/61869"}],"wp:attachment":[{"href":"http:\/\/argentinamunicipal.com.ar\/argentina\/wp-json\/wp\/v2\/media?parent=61868"}],"wp:term":[{"taxonomy":"category","embeddable":true,"href":"http:\/\/argentinamunicipal.com.ar\/argentina\/wp-json\/wp\/v2\/categories?post=61868"},{"taxonomy":"post_tag","embeddable":true,"href":"http:\/\/argentinamunicipal.com.ar\/argentina\/wp-json\/wp\/v2\/tags?post=61868"}],"curies":[{"name":"wp","href":"https:\/\/api.w.org\/{rel}","templated":true}]}}