{"id":61874,"date":"2017-04-20T06:44:29","date_gmt":"2017-04-20T09:44:29","guid":{"rendered":"http:\/\/argentinamunicipal.com.ar\/argentina\/?p=61874"},"modified":"2017-04-20T06:44:29","modified_gmt":"2017-04-20T09:44:29","slug":"incertidumbre-tren-roca-sin-respuestas-pereyra-hudson-los-vecinos-se-siguen-manifestando","status":"publish","type":"post","link":"http:\/\/argentinamunicipal.com.ar\/argentina\/incertidumbre-tren-roca-sin-respuestas-pereyra-hudson-los-vecinos-se-siguen-manifestando\/","title":{"rendered":"Incertidumbre por el tren Roca: Sin respuestas en Pereyra y Hudson, los vecinos se siguen manifestando"},"content":{"rendered":"<p>La llegada del tren Roca a la ciudad de La Plata no se concreta. Por el momento, el servicio que deber\u00eda unir la ciudad capital con Constituci\u00f3n, realiza el recorrido desde Berazategui hacia Capital Federal. Los vecinos de Hudson y Pereyra se siguen manifestando al respecto.<\/p>\n<p>La protesta proviene por parte de los vecinos, quienes exigen que el servicio tambi\u00e9n llegue hasta sus estaciones.<\/p>\n<p>Lo argumentado por las autoridades para que el tren no pare en Hudson y Pereyra es que no cuentan con andenes provisorios y que llevar\u00eda casi el mismo tiempo que realizar la estructura definitiva.<\/p>\n<p>Ante esto, \u201cse lleg\u00f3 a m\u00e1s de 15 mil firmas, y se present\u00f3 la acci\u00f3n de amparo donde pedimos que la justicia pueda acercarnos con las partes, para que realmente nos den la fecha de inicio y de finalizaci\u00f3n de obra\u201d, confes\u00f3 Ana Vallejos, vecina autoconvocada por el tren.<\/p>\n<p>Las obras vienen muy demoradas. \u201cQueremos subir al tren\u201d, asegur\u00f3 Ana. \u201cNosotros empezamos con los andenes, pero en el ir y venir de la problem\u00e1tica result\u00f3 que tiene muchas fallas el ferrocarril y no hay un paso seguro para los chicos de los colegios\u201d.<\/p>\n<h6>Fuente: InfoCielo<\/h6>\n","protected":false},"excerpt":{"rendered":"<p>La llegada del tren Roca a la ciudad de La Plata no se concreta. Por el momento, el servicio que deber\u00eda unir la ciudad capital con Constituci\u00f3n, realiza el recorrido desde Berazategui hacia Capital Federal.<\/p>\n","protected":false},"author":2,"featured_media":61875,"comment_status":"closed","ping_status":"closed","sticky":false,"template":"","format":"standard","meta":{"footnotes":""},"categories":[2],"tags":[12],"class_list":["post-61874","post","type-post","status-publish","format-standard","has-post-thumbnail","hentry","category-informe-municipal","tag-buenos-aires"],"_links":{"self":[{"href":"http:\/\/argentinamunicipal.com.ar\/argentina\/wp-json\/wp\/v2\/posts\/61874","targetHints":{"allow":["GET"]}}],"collection":[{"href":"http:\/\/argentinamunicipal.com.ar\/argentina\/wp-json\/wp\/v2\/posts"}],"about":[{"href":"http:\/\/argentinamunicipal.com.ar\/argentina\/wp-json\/wp\/v2\/types\/post"}],"author":[{"embeddable":true,"href":"http:\/\/argentinamunicipal.com.ar\/argentina\/wp-json\/wp\/v2\/users\/2"}],"replies":[{"embeddable":true,"href":"http:\/\/argentinamunicipal.com.ar\/argentina\/wp-json\/wp\/v2\/comments?post=61874"}],"version-history":[{"count":0,"href":"http:\/\/argentinamunicipal.com.ar\/argentina\/wp-json\/wp\/v2\/posts\/61874\/revisions"}],"wp:featuredmedia":[{"embeddable":true,"href":"http:\/\/argentinamunicipal.com.ar\/argentina\/wp-json\/wp\/v2\/media\/61875"}],"wp:attachment":[{"href":"http:\/\/argentinamunicipal.com.ar\/argentina\/wp-json\/wp\/v2\/media?parent=61874"}],"wp:term":[{"taxonomy":"category","embeddable":true,"href":"http:\/\/argentinamunicipal.com.ar\/argentina\/wp-json\/wp\/v2\/categories?post=61874"},{"taxonomy":"post_tag","embeddable":true,"href":"http:\/\/argentinamunicipal.com.ar\/argentina\/wp-json\/wp\/v2\/tags?post=61874"}],"curies":[{"name":"wp","href":"https:\/\/api.w.org\/{rel}","templated":true}]}}