{"id":61877,"date":"2017-04-20T06:47:23","date_gmt":"2017-04-20T09:47:23","guid":{"rendered":"http:\/\/argentinamunicipal.com.ar\/argentina\/?p=61877"},"modified":"2017-04-20T06:47:23","modified_gmt":"2017-04-20T09:47:23","slug":"las-pymes-no-aguantan-mas-piden-emergencia-nivel-nacional-frenar-la-crisis","status":"publish","type":"post","link":"http:\/\/argentinamunicipal.com.ar\/argentina\/las-pymes-no-aguantan-mas-piden-emergencia-nivel-nacional-frenar-la-crisis\/","title":{"rendered":"Las Pymes no aguantan m\u00e1s y piden por Emergencia a nivel nacional para frenar la crisis"},"content":{"rendered":"<p>As\u00ed lo denunci\u00f3 la CEEN (Central de Entidades Empresarias Nacionales). \u201cEs urgente promulgar una ley que contemple las problem\u00e1ticas que sufren los sectores productivos, para impulsar a las empresas y reactivar el mercado interno\u00bb, afirmaron.<\/p>\n<p>La Central de Entidades Empresarias Nacionales (CEEN) plante\u00f3 hoy ante la flamante Mesa Productiva la necesidad de promulgar una ley de Emergencia Pyme que impulse a las empresas y reactive el mercado interno.<\/p>\n<p>\u201cEs urgente promulgar una ley que contemple las problem\u00e1ticas que sufren los sectores productivos, para impulsar a las empresas y reactivar el mercado interno. Para eso es necesario crear un Fondo de Emergencia para el Sostenimiento de las Fuentes de Trabajo y realizar acuerdos especiales y viables para la normalizaci\u00f3n impositiva y provisional, pero tambi\u00e9n contar con mayor acceso a financiaci\u00f3n\u201d, se\u00f1al\u00f3 el titular de la entidad, Francisco Dos Reis.<\/p>\n<p>La propuesta fue presentada esta tarde durante la primera reuni\u00f3n de la Mesa Productiva que est\u00e1 conformada por la CEEN, CGERA, Apyme, Asociaci\u00f3n Pyme, el Movimiento de Empresarios Nacionales para el Desarrollo Argentino y Pymes Sur. La prioridad del espacio es trazar una agenda en com\u00fan para defender la producci\u00f3n y el trabajo.<\/p>\n<p>\u201cEsta unidad estrat\u00e9gica permitir\u00e1 mostrar el poder de quienes producimos en el pa\u00eds y responder a las pol\u00edticas neoliberales que deterioran el mercado interno con la p\u00e9rdida del poder adquisitivo de los salarios, la apertura indiscriminada de importaciones y la aplicaci\u00f3n contin\u00faa de feroces tarifazos que reducen el poder de compra de los consumidores, al tiempo que elevan los costos de producci\u00f3n en las f\u00e1bricas\u201d, se\u00f1al\u00f3 Dos Reis.<\/p>\n<p>Sobre la Emergencia Pyme, el tambi\u00e9n presidente de la Asociaci\u00f3n Latinoamericana de la Peque\u00f1a y Mediana Empresa (ALAMPYME) explic\u00f3 que \u201cen el corto plazo es necesario que se promulgue una ley nacional para evitar que se profundice la crisis\u201d. \u201cEn el largo plaza debemos ir hacia un proyecto nacional para reposicionar a las empresas nacionales y torcer este panorama econ\u00f3mico que afecta duramente a las pymes, que empleamos al 76.4 por ciento de la masa laboral\u201d, agreg\u00f3.<\/p>\n<p>Dos Reis tambi\u00e9n se refiri\u00f3 a la pol\u00edtica econ\u00f3mica y social del Gobierno nacional: \u201cTenemos que plantarnos ante el avance de estas medidas, porque pone en jaque el porvenir de miles de personas\u201d, advirti\u00f3.<\/p>\n<p>Adem\u00e1s, los empresarios de la CEEN visitar\u00e1n el mi\u00e9rcoles 19 a los maestros que levantaron la Escuela Itinerante frente al Congreso de la Naci\u00f3n, para solidarizarse con la educaci\u00f3n p\u00fablica, y a los trabajadores del Hotel Bauen contra el desalojo.<\/p>\n<h6>Fuente: InfoNews<\/h6>\n","protected":false},"excerpt":{"rendered":"<p>As\u00ed lo denunci\u00f3 la CEEN (Central de Entidades Empresarias Nacionales). \u201cEs urgente promulgar una ley que contemple las problem\u00e1ticas que sufren los sectores productivos, para impulsar a las empresas y reactivar el mercado interno\u00bb, afirmaron.<\/p>\n","protected":false},"author":2,"featured_media":61878,"comment_status":"closed","ping_status":"closed","sticky":false,"template":"","format":"standard","meta":{"footnotes":""},"categories":[8],"tags":[21],"class_list":["post-61877","post","type-post","status-publish","format-standard","has-post-thumbnail","hentry","category-informe-nacional","tag-argentina"],"_links":{"self":[{"href":"http:\/\/argentinamunicipal.com.ar\/argentina\/wp-json\/wp\/v2\/posts\/61877","targetHints":{"allow":["GET"]}}],"collection":[{"href":"http:\/\/argentinamunicipal.com.ar\/argentina\/wp-json\/wp\/v2\/posts"}],"about":[{"href":"http:\/\/argentinamunicipal.com.ar\/argentina\/wp-json\/wp\/v2\/types\/post"}],"author":[{"embeddable":true,"href":"http:\/\/argentinamunicipal.com.ar\/argentina\/wp-json\/wp\/v2\/users\/2"}],"replies":[{"embeddable":true,"href":"http:\/\/argentinamunicipal.com.ar\/argentina\/wp-json\/wp\/v2\/comments?post=61877"}],"version-history":[{"count":0,"href":"http:\/\/argentinamunicipal.com.ar\/argentina\/wp-json\/wp\/v2\/posts\/61877\/revisions"}],"wp:featuredmedia":[{"embeddable":true,"href":"http:\/\/argentinamunicipal.com.ar\/argentina\/wp-json\/wp\/v2\/media\/61878"}],"wp:attachment":[{"href":"http:\/\/argentinamunicipal.com.ar\/argentina\/wp-json\/wp\/v2\/media?parent=61877"}],"wp:term":[{"taxonomy":"category","embeddable":true,"href":"http:\/\/argentinamunicipal.com.ar\/argentina\/wp-json\/wp\/v2\/categories?post=61877"},{"taxonomy":"post_tag","embeddable":true,"href":"http:\/\/argentinamunicipal.com.ar\/argentina\/wp-json\/wp\/v2\/tags?post=61877"}],"curies":[{"name":"wp","href":"https:\/\/api.w.org\/{rel}","templated":true}]}}