{"id":61883,"date":"2017-04-20T07:02:24","date_gmt":"2017-04-20T10:02:24","guid":{"rendered":"http:\/\/argentinamunicipal.com.ar\/argentina\/?p=61883"},"modified":"2017-04-20T07:02:24","modified_gmt":"2017-04-20T10:02:24","slug":"cierre-empresas-despidos-masivos-2016","status":"publish","type":"post","link":"http:\/\/argentinamunicipal.com.ar\/argentina\/cierre-empresas-despidos-masivos-2016\/","title":{"rendered":"Cierre de empresas y despidos masivos en 2016"},"content":{"rendered":"<p>La pol\u00edtica econ\u00f3mica provoc\u00f3 la desaparici\u00f3n de firmas de todos los tama\u00f1os. En consecuencia, el empleo formal se redujo uno por ciento, equivalente a casi 70 mil puestos menos entre fines de 2016 e igual lapso de 2015.<\/p>\n<p>En el primer a\u00f1o de gesti\u00f3n del Gobierno de Mauricio Macri se destruyeron 4462 empresas. M\u00e1s de 2500 firmas que dejaron de existir correspond\u00edan al segmento de las micropymes, de hasta 10 empleados, aunque se registr\u00f3 p\u00e9rdida de emprendimientos de toda magnitud en ese per\u00edodo. La cantidad de compa\u00f1\u00edas que operan en la econom\u00eda nacional decreci\u00f3 en tres de los cuatro trimestres del a\u00f1o \u2013el primero, el segundo y el cuarto\u2013 respecto del trimestre anterior. Adem\u00e1s, en 2016 se redujo un 1 por ciento el empleo formal, que equivale a 68.314 puestos, y el salario promedio de los trabajadores registrados subi\u00f3 35,9 por ciento, 5 puntos por debajo de la inflaci\u00f3n. Los datos fueron publicados ayer por el Indec.<\/p>\n<p>Seg\u00fan los registros del sistema previsional, la cantidad de trabajadores formales se ubic\u00f3 en el cuarto trimestre de 2016 en 6.452.307, una baja del 1 por ciento frente al mismo per\u00edodo de 2015. El mayor deterioro del empleo se verific\u00f3 en los primeros tres meses del a\u00f1o pasado, con una baja del 0,6 por ciento de los puestos formales. La ca\u00edda fue del 0,5 por ciento en el segundo trimestre frente al trimestre anterior y del 0,1 por ciento en el tercer trimestre. Reci\u00e9n sobre el final del a\u00f1o se registr\u00f3 un avance del 0,1 por ciento en el empleo, que no logr\u00f3 compensar la p\u00e9rdida de ocupaci\u00f3n del 2016.<\/p>\n<p>A nivel sectorial, el mayor deterioro del empleo se verific\u00f3 en la construcci\u00f3n, con una ca\u00edda del 8 por ciento, ante la paralizaci\u00f3n de la obra p\u00fablica y de los desarrollos privados en el contexto recesivo. La industria manufacturera perdi\u00f3 el 3,7 por ciento de sus empleados formales, afectada por la ca\u00edda del consumo en el mercado interno, el aumento de las importaciones de bienes de consumo finales, el encarecimiento del cr\u00e9dito y de otros costos como los insumos importados y las tarifas. Tambi\u00e9n perdieron empleo la miner\u00eda (-6,9 por ciento), actividades inmobiliarias (-2,5), transporte, comunicaciones y almacenamiento (-0,3), hoteles y restaurantes (-0,4) y pesca (-0,4 por ciento). En cambio, subieron su plantilla agricultura y ganader\u00eda (2,2 por ciento), electricidad, gas y agua (1,9) e intermediaci\u00f3n financiera (1,7). Los tres sectores fueron beneficiarios directos de la devaluaci\u00f3n y quita de retenciones, suba de tarifas e incremento de la tasa de inter\u00e9s, respectivamente.<\/p>\n<p>En todas las provincias se redujo el empleo formal, con las excepciones de Jujuy, Tucum\u00e1n, La Pampa y C\u00f3rdoba. La situaci\u00f3n es particularmente compleja en Tierra del Fuego, donde el empleo cay\u00f3 12,8 por ciento a lo largo de 2016. Ese desempe\u00f1o estuvo vinculado a los graves problemas que enfrenta la industria de la electr\u00f3nica ante la baja de las ventas y la apertura de importaciones. En Santa Cruz el empleo cay\u00f3 9,9 por ciento; en San Luis, 7,3 por ciento; y en Formosa, 6,9.<\/p>\n<p>Los datos sobre la evoluci\u00f3n de los puestos de trabajo formales se complementan con los registros de cantidad de empresas. El informe publicado por el Indec detalla que en el cuarto trimestre de 2016 hab\u00eda 573.987 firmas, una baja de 4462 unidades frente a las 578.449 del mismo per\u00edodo de 2015 (el 0,8 por ciento). Para analizar por tama\u00f1o de empresa hay que retomar el informe de hace un a\u00f1o, cuando la cantidad total de empresas era para el Indec de 577.106. Ese n\u00famero fue revisado en el documento publicado ayer, pero sirve para estudiar el comportamiento desagregado.<\/p>\n<p>En el cuarto trimestre de 2015 hab\u00eda 493.205 empresas de menos de diez empleados, mientras que a fines del a\u00f1o pasado ese n\u00famero se ubic\u00f3 en 490.533 firmas (una baja de 2672 emprendimientos, el 0,5 por ciento del total de empresas de ese tama\u00f1o). Se destruyeron 249 empresas de entre 11 y 51 empleados (0,4 por ciento) y 139 de entre 51 y 200 empleados (0,9 por ciento). En el segmento de entre 201 a 1000 empleados se registraron 36 empresas menos (1,1 por ciento menos para ese tama\u00f1o) y baj\u00f3 en 24 el n\u00famero de empresas con m\u00e1s de 1000 empleados (5 por ciento menos).<\/p>\n<p>Si bien el mayor n\u00famero de empresas que cerraron se ubic\u00f3 en el segmento de menor tama\u00f1o, porcentualmente qued\u00f3 m\u00e1s afectado el cap\u00edtulo de las empresas de mayor porte. De cualquier manera, los datos muestran que la situaci\u00f3n econ\u00f3mica no distingui\u00f3 por tama\u00f1o de empresa sino en todo caso por el rubro al que se dedican, dado que el agro, los servicios p\u00fablicos y los bancos aumentaron el empleo (aunque no est\u00e1 disponible la informaci\u00f3n sobre cantidad de empresas desagregadas por sector econ\u00f3mico). Los sectores que mayor complicaci\u00f3n experimentan son los que m\u00e1s estrechamente est\u00e1n ligados al mercado interno y\/o a Brasil, como textiles, calzado, metalmec\u00e1nica, edici\u00f3n e impresi\u00f3n y un segmento de las alimenticias.<\/p>\n<p>Por el lado de los salarios, el Indec calcul\u00f3 que en 2016 el incremento promedio para los trabajadores formales fue del 35,9 por ciento. Ese avance qued\u00f3 por debajo de la suba de precios, que se ubic\u00f3 en el 40,3 por ciento seg\u00fan el promedio de las consultoras privadas que re\u00fane el IPC-Congreso o en 41,0 por ciento seg\u00fan el \u00edndice de la Ciudad de Buenos Aires. La reducci\u00f3n del poder de compra del salario junto a la ca\u00edda en el empleo formal e informal explican la reducci\u00f3n de la masa salarial, que determin\u00f3 la baja del consumo.<\/p>\n<h6>Fuente: P\u00e1gina 12<\/h6>\n","protected":false},"excerpt":{"rendered":"<p>La pol\u00edtica econ\u00f3mica provoc\u00f3 la desaparici\u00f3n de firmas de todos los tama\u00f1os. En consecuencia, el empleo formal se redujo uno por ciento, equivalente a casi 70 mil puestos menos entre fines de 2016 e igual lapso de 2015.<\/p>\n","protected":false},"author":2,"featured_media":61884,"comment_status":"closed","ping_status":"closed","sticky":false,"template":"","format":"standard","meta":{"footnotes":""},"categories":[8],"tags":[21],"class_list":["post-61883","post","type-post","status-publish","format-standard","has-post-thumbnail","hentry","category-informe-nacional","tag-argentina"],"_links":{"self":[{"href":"http:\/\/argentinamunicipal.com.ar\/argentina\/wp-json\/wp\/v2\/posts\/61883","targetHints":{"allow":["GET"]}}],"collection":[{"href":"http:\/\/argentinamunicipal.com.ar\/argentina\/wp-json\/wp\/v2\/posts"}],"about":[{"href":"http:\/\/argentinamunicipal.com.ar\/argentina\/wp-json\/wp\/v2\/types\/post"}],"author":[{"embeddable":true,"href":"http:\/\/argentinamunicipal.com.ar\/argentina\/wp-json\/wp\/v2\/users\/2"}],"replies":[{"embeddable":true,"href":"http:\/\/argentinamunicipal.com.ar\/argentina\/wp-json\/wp\/v2\/comments?post=61883"}],"version-history":[{"count":0,"href":"http:\/\/argentinamunicipal.com.ar\/argentina\/wp-json\/wp\/v2\/posts\/61883\/revisions"}],"wp:featuredmedia":[{"embeddable":true,"href":"http:\/\/argentinamunicipal.com.ar\/argentina\/wp-json\/wp\/v2\/media\/61884"}],"wp:attachment":[{"href":"http:\/\/argentinamunicipal.com.ar\/argentina\/wp-json\/wp\/v2\/media?parent=61883"}],"wp:term":[{"taxonomy":"category","embeddable":true,"href":"http:\/\/argentinamunicipal.com.ar\/argentina\/wp-json\/wp\/v2\/categories?post=61883"},{"taxonomy":"post_tag","embeddable":true,"href":"http:\/\/argentinamunicipal.com.ar\/argentina\/wp-json\/wp\/v2\/tags?post=61883"}],"curies":[{"name":"wp","href":"https:\/\/api.w.org\/{rel}","templated":true}]}}