{"id":61886,"date":"2017-04-20T07:07:51","date_gmt":"2017-04-20T10:07:51","guid":{"rendered":"http:\/\/argentinamunicipal.com.ar\/argentina\/?p=61886"},"modified":"2017-04-20T07:07:51","modified_gmt":"2017-04-20T10:07:51","slug":"san-carlos-sud-primera-localidad-contar-una-red-instituciones","status":"publish","type":"post","link":"http:\/\/argentinamunicipal.com.ar\/argentina\/san-carlos-sud-primera-localidad-contar-una-red-instituciones\/","title":{"rendered":"San Carlos Sud: primera localidad en contar con una red de instituciones"},"content":{"rendered":"<p>La iniciativa, surgida del propio Ejecutivo local, tiene como objetivo la creaci\u00f3n de v\u00ednculos de solidaridad entre las distintas instituciones de la localidad. De la firma del acta constitutiva participaron el presidente comunal Santiago Walker y el Coordinador del Nodo 3, Carlos Yossen.<\/p>\n<p>Recientemente se conform\u00f3 en la localidad la Primer Red de Instituciones de la Provincia de Santa Fe. La iniciativa surgi\u00f3 desde la comuna de San Carlos Sud y tiene como objetivo la creaci\u00f3n de v\u00ednculos de solidaridad entre las distintas instituciones de la comunidad.<\/p>\n<p>\u201cEn esta charla se generaron m\u00faltiples propuestas, fomentando el trabajo en conjunto, considerando la realizaci\u00f3n de diferentes colaboraciones y beneficios entre todos los vecinos\u201d, explicaron fuentes comunales.<\/p>\n<p>Por otra parte, autoridades comunales precisaron que en el mes de diciembre del a\u00f1o pasado \u201cse dio el primer paso a la conformaci\u00f3n de esta red, firmando el acta acuerdo entre las instituciones, la comuna local y el gobierno de la provincia\u201d.<\/p>\n<p>En cuanto al aspecto formal, en la reuni\u00f3n se llev\u00f3 a cabo la firma del acta de creaci\u00f3n de la Red, designando como coordinador de la misma al arquitecto Santiago Walker.<\/p>\n<p>Adem\u00e1s contamos con la presencia de Carlos Yossen, coordinador provincial del Nodo 3 del Gobierno de Santa Fe.<\/p>\n<p><strong>Medio ambiente<\/strong><\/p>\n<p>Por otra parte, el gobierno comunal de San Carlos Sud contin\u00faa con las propuestas medioambientales sustentables. Esta vez junto al Gabinete Joven se encuentran llevando a cabo una propuesta de recolecci\u00f3n de residuos de botellas tipo PET.<\/p>\n<p>El material se recolecta en los cestos ubicados en diferentes puntos de la localidad. \u201cAll\u00ed los vecinos depositar\u00e1n sus botellas en los mismos, para luego ser prensadas y reubicadas en su destino de reciclado\u201d, explicaron.<\/p>\n<p>En tanto afirmaron que los cestos se encuentran ubicados en tres puntos estrat\u00e9gicos de San Carlos Sud: en el ingreso norte (frente a la estaci\u00f3n de servicio), en el Club Ciclista San Carlos y en el SUM Comunal.<\/p>\n<p><strong>Red Argentina de Municipios<\/strong><\/p>\n<p>Por \u00faltimo, autoridades comunales de San Carlos Sud participaron del encuentro nacional de gobiernos locales organizados por la Red Argentina de Municipios frente al Cambio Clim\u00e1tico (Ramcc), llevado a cabo la \u00faltima semana en Buenos Aires.<\/p>\n<p>Los objetivos principales del evento fueron desarrollar un espacio de encuentro, debate e informaci\u00f3n para que gobiernos locales que est\u00e1n comprendidos frente al cambio clim\u00e1tico puedan intercambiar entre s\u00ed y con otras instituciones, buscando soluciones y medios para cumplir con las metas en mitigaci\u00f3n y adaptaci\u00f3n.<\/p>\n<p>Tambi\u00e9n se vincul\u00f3 a los gobiernos locales con organismos nacionales e internacionales, as\u00ed como empresas, c\u00e1maras empresariales y fundaciones.<\/p>\n<p>El encuentro consisti\u00f3 en combinar dos din\u00e1micas complementarias: una mediante la presentaci\u00f3n de mecanismos clim\u00e1ticos direccionados a comunas y municipios con representantes de ministerios nacionales, embajadores y representantes diplom\u00e1ticos, y organismos de cooperaci\u00f3n internacional y cooperaci\u00f3n t\u00e9cnica; y la segunda fueron rondas de reuniones entre autoridades de los gobiernos locales y los actores que se convocan para adoptar soluciones y apoyos concretos a los proyectos clim\u00e1ticos de cada comuna y municipio. En representaci\u00f3n de la Comuna de San Carlos Sud, asistieron el presidente Arq. Santiago Walker y la Arq. Silvana Gullino, integrante de su equipo de trabajo.<\/p>\n<h6>Fuente: El Litoral Santa Fe<\/h6>\n","protected":false},"excerpt":{"rendered":"<p>La iniciativa, surgida del propio Ejecutivo local, tiene como objetivo la creaci\u00f3n de v\u00ednculos de solidaridad entre las distintas instituciones de la localidad.<\/p>\n","protected":false},"author":2,"featured_media":61887,"comment_status":"closed","ping_status":"closed","sticky":false,"template":"","format":"standard","meta":{"footnotes":""},"categories":[2],"tags":[10],"class_list":["post-61886","post","type-post","status-publish","format-standard","has-post-thumbnail","hentry","category-informe-municipal","tag-santa-fe"],"_links":{"self":[{"href":"http:\/\/argentinamunicipal.com.ar\/argentina\/wp-json\/wp\/v2\/posts\/61886","targetHints":{"allow":["GET"]}}],"collection":[{"href":"http:\/\/argentinamunicipal.com.ar\/argentina\/wp-json\/wp\/v2\/posts"}],"about":[{"href":"http:\/\/argentinamunicipal.com.ar\/argentina\/wp-json\/wp\/v2\/types\/post"}],"author":[{"embeddable":true,"href":"http:\/\/argentinamunicipal.com.ar\/argentina\/wp-json\/wp\/v2\/users\/2"}],"replies":[{"embeddable":true,"href":"http:\/\/argentinamunicipal.com.ar\/argentina\/wp-json\/wp\/v2\/comments?post=61886"}],"version-history":[{"count":0,"href":"http:\/\/argentinamunicipal.com.ar\/argentina\/wp-json\/wp\/v2\/posts\/61886\/revisions"}],"wp:featuredmedia":[{"embeddable":true,"href":"http:\/\/argentinamunicipal.com.ar\/argentina\/wp-json\/wp\/v2\/media\/61887"}],"wp:attachment":[{"href":"http:\/\/argentinamunicipal.com.ar\/argentina\/wp-json\/wp\/v2\/media?parent=61886"}],"wp:term":[{"taxonomy":"category","embeddable":true,"href":"http:\/\/argentinamunicipal.com.ar\/argentina\/wp-json\/wp\/v2\/categories?post=61886"},{"taxonomy":"post_tag","embeddable":true,"href":"http:\/\/argentinamunicipal.com.ar\/argentina\/wp-json\/wp\/v2\/tags?post=61886"}],"curies":[{"name":"wp","href":"https:\/\/api.w.org\/{rel}","templated":true}]}}