{"id":61904,"date":"2017-04-20T07:33:43","date_gmt":"2017-04-20T10:33:43","guid":{"rendered":"http:\/\/argentinamunicipal.com.ar\/argentina\/?p=61904"},"modified":"2017-04-20T07:33:43","modified_gmt":"2017-04-20T10:33:43","slug":"gualeguaychu-planto-tres-mil-arboles-tres-meses","status":"publish","type":"post","link":"http:\/\/argentinamunicipal.com.ar\/argentina\/gualeguaychu-planto-tres-mil-arboles-tres-meses\/","title":{"rendered":"Gualeguaych\u00fa plant\u00f3 tres mil \u00e1rboles en tres meses"},"content":{"rendered":"<p>El proyecto tiene como finalidad que la ciudad, al cabo de los diez a\u00f1os que contempla la planificaci\u00f3n, cuente con 12 \u00e1rboles por cuadra, seis en cada vereda. El objetivo es plantar 15 mil \u00e1rboles por a\u00f1o.<\/p>\n<p>Partiendo de la certeza de que a Gualeguaych\u00fa le falta verde (la Organizaci\u00f3n Mundial de la Salud recomienda tener dos \u00e1rboles por persona o 10 metros cuadrados de \u00e1reas verdes comunes por habitante), el floricultor y paisajista Mart\u00edn Chas puso manos a la obra a una vieja idea. Cre\u00f3 la Fan Page \u00ab12 \u00c1rboles por Cuadra\u00bb y desde all\u00ed convoc\u00f3 al proyecto que \u00abes para nosotros, pero sobre todo para las generaciones venideras\u00bb.<\/p>\n<p>La iniciativa fue expuesta en el segundo \u00abAve Encuentro\u00bb desarrollado en la ciudad y tiene m\u00e1s de 800 firmas, que ser\u00e1n presentadas en el Concejo Deliberante para que el \u00f3rgano legislativo le d\u00e9 un marco legal a la misma.<\/p>\n<p>Plantines y manos a la obra<\/p>\n<p>Transcurriendo el cuarto mes del a\u00f1o, los voluntarios ya produjeron los primeros 3 mil plantines, entre los que hay jacarand\u00e1, lapacho, timb\u00f3 y pezu\u00f1as de vaca, entre otras especies.<\/p>\n<p>El s\u00e1bado, como todos los s\u00e1bados de 10 a 12 en su vivero de \u00abParada 10\u00bb, Mart\u00edn y el grupo de voluntarios se reunieron para seguir produciendo plantines y para conocer con mayor profundidad las ordenanzas sobre arbolado urbano vigentes.<\/p>\n<p>\u00abLa idea es mejorar lo que hay hasta el momento. Por eso hemos charlado con concejales y con mucha gente del Municipio, que inclusive han acompa\u00f1ado el proyecto con las firmas. Pero formalmente todav\u00eda no nos hemos reunido con el Concejo Deliberante\u00bb, explic\u00f3 Chas.<\/p>\n<p>\u00abLo bueno de esto es que se vincula a las organizaciones de la sociedad, como Madres Cuidadoras o el Hogar de Cristo, quienes tambi\u00e9n son parte del proyecto. La idea es formar redes entre los mismos vecinos\u00bb, resalt\u00f3.<\/p>\n<p>En la actualidad son entre 10 y 15 personas las que est\u00e1n regularmente, \u00abpero a medida que esto crezca vamos a necesitar m\u00e1s voluntarios\u00bb, agreg\u00f3, al tiempo que adelant\u00f3 que el fin de semana ir\u00e1n a \u00abla Reserva El Potrero a buscar semillas de plantas aut\u00f3ctonas del monte nativo\u00bb e invit\u00f3 a \u00abtodos los que se quieran sumar\u00bb.<\/p>\n<p>\u00bfC\u00f3mo funciona 12 \u00c1rboles Por Cuadra?<\/p>\n<p>El proyecto tiene como finalidad, como su nombre lo indica, que la ciudad, al cabo de los diez a\u00f1os que contempla la planificaci\u00f3n, cuente con 12 \u00e1rboles por cuadra, seis en cada vereda.<\/p>\n<p>\u00abSi logramos plantar 15 mil \u00e1rboles por a\u00f1o, al cabo de una d\u00e9cada tendremos 150 mil \u00e1rboles nuevos en la ciudad\u00bb, remarc\u00f3 el impulsor de la iniciativa.<\/p>\n<p>\u00abSon varias etapas. La de recolecci\u00f3n de semillas, que est\u00e1 a cargo de los voluntarios; despu\u00e9s, durante el primer a\u00f1o los \u00e1rboles estar\u00e1n en invernadero (del que se har\u00e1 cargo el propio Chas, que es maestro de huerta y vivero), para despu\u00e9s llevarlos a distintas instituciones de la ciudad, que se tendr\u00edan que encargar de regarlos durante el segundo a\u00f1o\u00bb, explic\u00f3 el viverista a El D\u00eda.<\/p>\n<p>Los colegios, clubes, ONGs y todas las organizaciones de la sociedad civil que elijan ser parte de la iniciativa deber\u00e1n comprometerse a cuidar y regar los \u00e1rboles durante doce meses. Luego, cuando tengan el tama\u00f1o suficiente, los mismos ser\u00e1n trasplantados a las veredas.<\/p>\n<p>\u00abM\u00e1s all\u00e1 de la voluntad pol\u00edtica, que es importante para darle sustento a la iniciativa, es crucial el apoyo de toda la ciudad, o de buena parte de ella. Es necesario que el vecino haga propio el proyecto, que se sume a cuidar los \u00e1rboles que en definitiva van a redundar en una mejor calidad de vida para todos nosotros y, sobre todo, para las generaciones que vienen\u00bb, finaliz\u00f3.<\/p>\n<h6>Fuente: El Once<\/h6>\n","protected":false},"excerpt":{"rendered":"<p>El proyecto tiene como finalidad que la ciudad, al cabo de los diez a\u00f1os que contempla la planificaci\u00f3n, cuente con 12 \u00e1rboles por cuadra, seis en cada vereda. El objetivo es plantar 15 mil \u00e1rboles por a\u00f1o.<\/p>\n","protected":false},"author":2,"featured_media":61905,"comment_status":"closed","ping_status":"closed","sticky":false,"template":"","format":"standard","meta":{"footnotes":""},"categories":[2],"tags":[17],"class_list":["post-61904","post","type-post","status-publish","format-standard","has-post-thumbnail","hentry","category-informe-municipal","tag-entre-rios"],"_links":{"self":[{"href":"http:\/\/argentinamunicipal.com.ar\/argentina\/wp-json\/wp\/v2\/posts\/61904","targetHints":{"allow":["GET"]}}],"collection":[{"href":"http:\/\/argentinamunicipal.com.ar\/argentina\/wp-json\/wp\/v2\/posts"}],"about":[{"href":"http:\/\/argentinamunicipal.com.ar\/argentina\/wp-json\/wp\/v2\/types\/post"}],"author":[{"embeddable":true,"href":"http:\/\/argentinamunicipal.com.ar\/argentina\/wp-json\/wp\/v2\/users\/2"}],"replies":[{"embeddable":true,"href":"http:\/\/argentinamunicipal.com.ar\/argentina\/wp-json\/wp\/v2\/comments?post=61904"}],"version-history":[{"count":0,"href":"http:\/\/argentinamunicipal.com.ar\/argentina\/wp-json\/wp\/v2\/posts\/61904\/revisions"}],"wp:featuredmedia":[{"embeddable":true,"href":"http:\/\/argentinamunicipal.com.ar\/argentina\/wp-json\/wp\/v2\/media\/61905"}],"wp:attachment":[{"href":"http:\/\/argentinamunicipal.com.ar\/argentina\/wp-json\/wp\/v2\/media?parent=61904"}],"wp:term":[{"taxonomy":"category","embeddable":true,"href":"http:\/\/argentinamunicipal.com.ar\/argentina\/wp-json\/wp\/v2\/categories?post=61904"},{"taxonomy":"post_tag","embeddable":true,"href":"http:\/\/argentinamunicipal.com.ar\/argentina\/wp-json\/wp\/v2\/tags?post=61904"}],"curies":[{"name":"wp","href":"https:\/\/api.w.org\/{rel}","templated":true}]}}