{"id":61941,"date":"2017-04-21T06:48:22","date_gmt":"2017-04-21T09:48:22","guid":{"rendered":"http:\/\/argentinamunicipal.com.ar\/argentina\/?p=61941"},"modified":"2017-04-21T06:48:22","modified_gmt":"2017-04-21T09:48:22","slug":"vaciamiento-hospital-moron-falta-insumos-paralizacion-servicios","status":"publish","type":"post","link":"http:\/\/argentinamunicipal.com.ar\/argentina\/vaciamiento-hospital-moron-falta-insumos-paralizacion-servicios\/","title":{"rendered":"Vaciamiento en el hospital de Mor\u00f3n: falta de insumos y paralizaci\u00f3n de servicios"},"content":{"rendered":"<p>Los trabajadores del Hospital Municipal de Mor\u00f3n vienen alertando desde hace d\u00edas sobre las \u201cpol\u00edticas de vaciamiento\u201d en esta instituci\u00f3n. La responsabilidad corresponde al intendente de Cambiemos, Ramiro Tagliaferro, que ya marc\u00f3 algunos pol\u00e9micos antecedentes como el cierre de la guardia.<\/p>\n<p>M\u00e9dicos, trabajadores y dirigentes pol\u00edticos alertaron sobre una \u201cpol\u00edtica de vaciamiento\u201d por parte del Gobierno de Mor\u00f3n. Esta situaci\u00f3n motiv\u00f3 numerosas medidas sindicales, de hecho hoy el sindicato de los profesionales de la Salud mantiene un paro general, y hasta un estado de asamblea permanente debido a la falta de insumo y personal que atenta contra la paralizaci\u00f3n de varios servicios m\u00e9dicos.<\/p>\n<p>De esta forma, y una vez m\u00e1s, desde la oposici\u00f3n en el Conejo Deliberante aseguraron que \u201cla atenci\u00f3n a los pacientes se ve seriamente afectada ya que solamente se atienden los turnos programados de los consultorios externos que, en estos \u00faltimos d\u00edas, vieron su capacidad reducida en un 50%\u201d.<\/p>\n<p>En tanto, los trabajadores del hospital vienen reclamando tambi\u00e9n mejores condiciones de trabajo y que se retomen las negociaciones salariales en paritarias, definici\u00f3n que tambi\u00e9n se multiplic\u00f3 en los 80 hospitales bonaerenses.<\/p>\n<p>\u201cLa primera etapa de la obra del hospital se inaugur\u00f3 en 2015 e incluy\u00f3 los servicios de internaci\u00f3n, quir\u00f3fano y maternidad; pero desde la asunci\u00f3n de Tagliaferro se paraliz\u00f3 la segunda y tercera etapa que entre otras cosas contemplan la guardia, el sector de diagn\u00f3stico por im\u00e1genes y hemoterapia\u201d, detallaron desde el Frente para la Victoria.<\/p>\n<h6>Fuente: InfoCielo<\/h6>\n","protected":false},"excerpt":{"rendered":"<p>Los trabajadores del Hospital Municipal de Mor\u00f3n vienen alertando desde hace d\u00edas sobre las \u201cpol\u00edticas de vaciamiento\u201d en esta instituci\u00f3n. <\/p>\n","protected":false},"author":2,"featured_media":61942,"comment_status":"closed","ping_status":"closed","sticky":false,"template":"","format":"standard","meta":{"footnotes":""},"categories":[2],"tags":[12],"class_list":["post-61941","post","type-post","status-publish","format-standard","has-post-thumbnail","hentry","category-informe-municipal","tag-buenos-aires"],"_links":{"self":[{"href":"http:\/\/argentinamunicipal.com.ar\/argentina\/wp-json\/wp\/v2\/posts\/61941","targetHints":{"allow":["GET"]}}],"collection":[{"href":"http:\/\/argentinamunicipal.com.ar\/argentina\/wp-json\/wp\/v2\/posts"}],"about":[{"href":"http:\/\/argentinamunicipal.com.ar\/argentina\/wp-json\/wp\/v2\/types\/post"}],"author":[{"embeddable":true,"href":"http:\/\/argentinamunicipal.com.ar\/argentina\/wp-json\/wp\/v2\/users\/2"}],"replies":[{"embeddable":true,"href":"http:\/\/argentinamunicipal.com.ar\/argentina\/wp-json\/wp\/v2\/comments?post=61941"}],"version-history":[{"count":0,"href":"http:\/\/argentinamunicipal.com.ar\/argentina\/wp-json\/wp\/v2\/posts\/61941\/revisions"}],"wp:featuredmedia":[{"embeddable":true,"href":"http:\/\/argentinamunicipal.com.ar\/argentina\/wp-json\/wp\/v2\/media\/61942"}],"wp:attachment":[{"href":"http:\/\/argentinamunicipal.com.ar\/argentina\/wp-json\/wp\/v2\/media?parent=61941"}],"wp:term":[{"taxonomy":"category","embeddable":true,"href":"http:\/\/argentinamunicipal.com.ar\/argentina\/wp-json\/wp\/v2\/categories?post=61941"},{"taxonomy":"post_tag","embeddable":true,"href":"http:\/\/argentinamunicipal.com.ar\/argentina\/wp-json\/wp\/v2\/tags?post=61941"}],"curies":[{"name":"wp","href":"https:\/\/api.w.org\/{rel}","templated":true}]}}