{"id":61944,"date":"2017-04-21T06:50:46","date_gmt":"2017-04-21T09:50:46","guid":{"rendered":"http:\/\/argentinamunicipal.com.ar\/argentina\/?p=61944"},"modified":"2017-04-21T06:50:46","modified_gmt":"2017-04-21T09:50:46","slug":"avellaneda-una-intencionalidad-vaciar-la-policia-local-advirtio-ferraresi","status":"publish","type":"post","link":"http:\/\/argentinamunicipal.com.ar\/argentina\/avellaneda-una-intencionalidad-vaciar-la-policia-local-advirtio-ferraresi\/","title":{"rendered":"Avellaneda: \u00abHay una intencionalidad de vaciar a la Polic\u00eda Local\u00bb, advirti\u00f3 Ferraresi"},"content":{"rendered":"<p>El Intendente de Avellaneda renov\u00f3 cr\u00edticas al gobierno de Vidal por el cierre de las inscripciones a la fuerza. Tambi\u00e9n adelant\u00f3 que reclamar\u00e1 formalmente a la Provincia que devuelva m\u00e1s de un centenar de efectivos que fueron reasignados en otras localidades.<\/p>\n<p>Ferraresi realiz\u00f3 estas declaraciones al encabezar el acto de inauguraci\u00f3n de las obras realizadas en la academia de la Polic\u00eda Local, ubicada en Humberto Primo 1565, de Pi\u00f1eyro.<\/p>\n<p>En este marco, el Intendente hizo hincapi\u00e9 en la decisi\u00f3n del gobierno provincial de cerrar este a\u00f1o los cupos para que nuevos aspirantes puedan ingresar a capacitarse en la Polic\u00eda Local y en la decisi\u00f3n de trasladar a otros destinos a 103 agentes de seguridad que trabajaban en el distrito.<\/p>\n<p>\u00abEl gobierno provincial es responsable de las pol\u00edticas de seguridad. Existe una clara intencionalidad de vaciar a la Polic\u00eda Local\u00bb, critic\u00f3 el jefe comunal, quien adem\u00e1s adelant\u00f3 que la Comuna impulsar\u00e1 la firma de un petitorio para que la gobernaci\u00f3n reasigne a esos agentes nuevamente a las tareas en Avellaneda. Tambi\u00e9n reclamar\u00e1 que se convierta en ley el proyecto de transferencia de las Polic\u00edas Locales a los municipios.<\/p>\n<p>\u00abComo sociedad debemos defender a las polic\u00edas locales. Nosotros valoramos la vocaci\u00f3n y la capacidad de estos agentes, pero es el Estado provincial quien debe darles las herramientas para poder cumplir su funci\u00f3n\u00bb, concluy\u00f3 Ferraresi.<\/p>\n<p>Cantidad de efectivos. La subsecretaria de Seguridad local, M\u00f3nica Ghirelli, tambi\u00e9n destac\u00f3 la importancia de esta fuerza por \u00abla proximidad, presencia y posibilidad de di\u00e1logo que le brinda a los vecinos\u00bb.<\/p>\n<p>Manifest\u00f3, en este punto, que Avellaneda necesita sumar cerca de 300 agentes a los casi 600 efectivos actuales, para poder cumplir con las tareas de prevenci\u00f3n y patrullaje.<\/p>\n<p>Del acto participaron tambi\u00e9n el titular del Concejo Deliberante, Hugo Barrueco; el jefe de Gabinete de Avellaneda, Pablo Vera; el director de Polic\u00eda Local, Marcelo Rey; adem\u00e1s de concejales, funcionarios y representantes de las fuerzas de seguridad de la ciudad.<\/p>\n<p>Obras. Las mejoras, en el marco del programa municipal \u00abUna Obra por D\u00eda\u00bb, consistieron en la remodelaci\u00f3n y ampliaci\u00f3n de las aulas de la sede. La intervenci\u00f3n es de 273 mts2 y una inversi\u00f3n comunal de 1.032.817,18 pesos. All\u00ed funcionar\u00e1 adem\u00e1s un centro de capacitaci\u00f3n continua para las fuerzas policiales de la ciudad.<\/p>\n<h6>Fuente: InfoRegi\u00f3n<\/h6>\n","protected":false},"excerpt":{"rendered":"<p>El Intendente de Avellaneda renov\u00f3 cr\u00edticas al gobierno de Vidal por el cierre de las inscripciones a la fuerza. <\/p>\n","protected":false},"author":2,"featured_media":61945,"comment_status":"closed","ping_status":"closed","sticky":false,"template":"","format":"standard","meta":{"footnotes":""},"categories":[4],"tags":[12],"class_list":["post-61944","post","type-post","status-publish","format-standard","has-post-thumbnail","hentry","category-informe-politico","tag-buenos-aires"],"_links":{"self":[{"href":"http:\/\/argentinamunicipal.com.ar\/argentina\/wp-json\/wp\/v2\/posts\/61944","targetHints":{"allow":["GET"]}}],"collection":[{"href":"http:\/\/argentinamunicipal.com.ar\/argentina\/wp-json\/wp\/v2\/posts"}],"about":[{"href":"http:\/\/argentinamunicipal.com.ar\/argentina\/wp-json\/wp\/v2\/types\/post"}],"author":[{"embeddable":true,"href":"http:\/\/argentinamunicipal.com.ar\/argentina\/wp-json\/wp\/v2\/users\/2"}],"replies":[{"embeddable":true,"href":"http:\/\/argentinamunicipal.com.ar\/argentina\/wp-json\/wp\/v2\/comments?post=61944"}],"version-history":[{"count":0,"href":"http:\/\/argentinamunicipal.com.ar\/argentina\/wp-json\/wp\/v2\/posts\/61944\/revisions"}],"wp:featuredmedia":[{"embeddable":true,"href":"http:\/\/argentinamunicipal.com.ar\/argentina\/wp-json\/wp\/v2\/media\/61945"}],"wp:attachment":[{"href":"http:\/\/argentinamunicipal.com.ar\/argentina\/wp-json\/wp\/v2\/media?parent=61944"}],"wp:term":[{"taxonomy":"category","embeddable":true,"href":"http:\/\/argentinamunicipal.com.ar\/argentina\/wp-json\/wp\/v2\/categories?post=61944"},{"taxonomy":"post_tag","embeddable":true,"href":"http:\/\/argentinamunicipal.com.ar\/argentina\/wp-json\/wp\/v2\/tags?post=61944"}],"curies":[{"name":"wp","href":"https:\/\/api.w.org\/{rel}","templated":true}]}}