{"id":61950,"date":"2017-04-21T06:57:43","date_gmt":"2017-04-21T09:57:43","guid":{"rendered":"http:\/\/argentinamunicipal.com.ar\/argentina\/?p=61950"},"modified":"2017-04-21T06:57:43","modified_gmt":"2017-04-21T09:57:43","slug":"gobierno-elitista-los-ricos","status":"publish","type":"post","link":"http:\/\/argentinamunicipal.com.ar\/argentina\/gobierno-elitista-los-ricos\/","title":{"rendered":"\u201cUn gobierno elitista para los ricos\u201d"},"content":{"rendered":"<p>Para las organizaciones, la ministra \u201cdemuestra una profunda incomprensi\u00f3n\u201d de los problemas de las clases populares.<\/p>\n<p>Las organizaciones sociales repudiaron las declaraciones de la ministra de Desarrollo Social, Carolina Stanley, quien se\u00f1al\u00f3 que \u201clos piquetes son una manifestaci\u00f3n cultural y extorsiva que viene de muchos a\u00f1os\u201d. El dirigente de la Confederaci\u00f3n de Trabajadores de la Econom\u00eda Popular (CTEP) Gildo Onorato asegur\u00f3 a P\u00e1ginaI12 que \u201cdemuestra una profunda incomprensi\u00f3n de lo que le pasa a la clase trabajadora\u201d, mientras que el dirigente del Polo Obrero N\u00e9stor Pitrola estim\u00f3 que el Gobierno est\u00e1 \u201cpreviendo la profundizaci\u00f3n de las luchas sociales\u201d y por eso \u201cest\u00e1 armando el camino represivo\u201d. Por su parte, Daniel Men\u00e9ndez, de Barrios de Pie, afirm\u00f3 que se trata de \u201cun discurso electoralista\u201d.<\/p>\n<p>\u201cLo que no entiende la ministra es que se trata de un problema estructural de la matriz econ\u00f3mica. El 50 por ciento de los trabajadores tiene derecho a huelga y el otro 50 no, porque son desocupados o trabajadores informales y tienen que reclamar de alguna forma\u201d, se\u00f1al\u00f3 Onorato, tambi\u00e9n dirigente del Movimiento Evita, apuntando contra las declaraciones de Stanley. Por su parte, Men\u00e9ndez indic\u00f3 que \u201clos piquetes tienen una causa que es el contexto social que vivimos desde hace a\u00f1os. Ser\u00eda mejor que en vez de hacer este tipo de declaraciones se haga m\u00e1s fuerza para resolver los problemas\u201d.<\/p>\n<p>La ministra de Desarrollo Social mantiene una relaci\u00f3n cordial con algunas de las organizaciones sociales. La Ley de Emergencia Social sancionada el a\u00f1o pasado con el apoyo de casi todo el Parlamento y reglamentada hace unas semanas es fruto de los reclamos de los movimientos sociales en la calle y la negociaci\u00f3n con la titular de la cartera social. Sin embargo, los dirigentes no se dejan embelesar por Stanley: \u201cSe puede hablar, pero es representante de un gobierno para los ricos\u201d, acuerdan los dirigentes por separado sobre la funcionaria, poniendo el l\u00edmite a la relaci\u00f3n en la mesa de negociaci\u00f3n.<\/p>\n<p>\u201cEsto no es nada nuevo bajo el sol. Quieren remover la manifestaci\u00f3n y la lucha popular con una modalidad de tipo represivo\u201d, destac\u00f3 Pitrola, diputado nacional por el Partido Obrero. \u201cEste es un Gobierno que est\u00e1 perdido y no tiene rumbo. Hay una gran ca\u00edda de la producci\u00f3n industrial y no puede frenar la inflaci\u00f3n\u201d, asegur\u00f3 el dirigente trotskista que encabeza una de las organizaciones que no firm\u00f3 el acuerdo y en la C\u00e1mara de Diputados se abstuvo en la votaci\u00f3n de la ley. Agreg\u00f3 que el macrismo \u201cest\u00e1 previendo las luchas sociales que se vienen y por eso est\u00e1n armado el camino represivo\u201d.<\/p>\n<p>\u201cEst\u00e1 claro que lo que no entienden es que la \u00fanica forma con la que reaccionan es cuando les explotan los problemas. Solo ah\u00ed es cuando se empiezan a mover los expedientes\u201d, explic\u00f3 Men\u00e9ndez, de Barrios de Pie. El dirigente de Libres del Sur apunt\u00f3 a \u201cun discurso electoralista por el a\u00f1o que se viene. Salen con el discurso estigmatizador y contra la legitimidad de los reclamos al estilo (de la ministra de Seguridad) Patricia Bullrich\u201d. Onorato, en cambio, plante\u00f3 que el discurso de la funcionaria macrista \u201cno sorprende porque es parte de un Gobierno que ataca los derechos constantemente. Es una ignorante\u201d. El dirigente de la CTEP se\u00f1al\u00f3 que \u201csabemos que los problemas no se resuelven en Desarrollo Social. Lo que sale de ah\u00ed son paliativos, por eso seguimos en la calle\u201d, y marc\u00f3 las diferencias al apuntar que las organizaciones y los funcionarios est\u00e1n \u201cen las ant\u00edpodas. Nosotros representamos a los trabajadores que est\u00e1n en la marginalidad del sistema y ellos son parte de un Gobierno elitista para los ricos\u201d.<\/p>\n<h6>Fuente: P\u00e1gina 12<\/h6>\n","protected":false},"excerpt":{"rendered":"<p>Para las organizaciones, la ministra \u201cdemuestra una profunda incomprensi\u00f3n\u201d de los problemas de las clases populares.<\/p>\n","protected":false},"author":2,"featured_media":61951,"comment_status":"closed","ping_status":"closed","sticky":false,"template":"","format":"standard","meta":{"footnotes":""},"categories":[8],"tags":[21],"class_list":["post-61950","post","type-post","status-publish","format-standard","has-post-thumbnail","hentry","category-informe-nacional","tag-argentina"],"_links":{"self":[{"href":"http:\/\/argentinamunicipal.com.ar\/argentina\/wp-json\/wp\/v2\/posts\/61950","targetHints":{"allow":["GET"]}}],"collection":[{"href":"http:\/\/argentinamunicipal.com.ar\/argentina\/wp-json\/wp\/v2\/posts"}],"about":[{"href":"http:\/\/argentinamunicipal.com.ar\/argentina\/wp-json\/wp\/v2\/types\/post"}],"author":[{"embeddable":true,"href":"http:\/\/argentinamunicipal.com.ar\/argentina\/wp-json\/wp\/v2\/users\/2"}],"replies":[{"embeddable":true,"href":"http:\/\/argentinamunicipal.com.ar\/argentina\/wp-json\/wp\/v2\/comments?post=61950"}],"version-history":[{"count":0,"href":"http:\/\/argentinamunicipal.com.ar\/argentina\/wp-json\/wp\/v2\/posts\/61950\/revisions"}],"wp:featuredmedia":[{"embeddable":true,"href":"http:\/\/argentinamunicipal.com.ar\/argentina\/wp-json\/wp\/v2\/media\/61951"}],"wp:attachment":[{"href":"http:\/\/argentinamunicipal.com.ar\/argentina\/wp-json\/wp\/v2\/media?parent=61950"}],"wp:term":[{"taxonomy":"category","embeddable":true,"href":"http:\/\/argentinamunicipal.com.ar\/argentina\/wp-json\/wp\/v2\/categories?post=61950"},{"taxonomy":"post_tag","embeddable":true,"href":"http:\/\/argentinamunicipal.com.ar\/argentina\/wp-json\/wp\/v2\/tags?post=61950"}],"curies":[{"name":"wp","href":"https:\/\/api.w.org\/{rel}","templated":true}]}}