{"id":61956,"date":"2017-04-21T07:06:26","date_gmt":"2017-04-21T10:06:26","guid":{"rendered":"http:\/\/argentinamunicipal.com.ar\/argentina\/?p=61956"},"modified":"2017-04-21T07:06:26","modified_gmt":"2017-04-21T10:06:26","slug":"jardines-municipales-escuelas-trabajo-santafesinas-iniciativas-mundiales-la-paz","status":"publish","type":"post","link":"http:\/\/argentinamunicipal.com.ar\/argentina\/jardines-municipales-escuelas-trabajo-santafesinas-iniciativas-mundiales-la-paz\/","title":{"rendered":"Jardines municipales y Escuelas de Trabajo santafesinas, entre iniciativas mundiales para la paz"},"content":{"rendered":"<p>El intendente Jos\u00e9 Corral particip\u00f3 de la apertura del Foro Mundial sobre Violencias Urbanas, cuya inauguraci\u00f3n estuvo a cargo del rey Felipe VI de Espa\u00f1a y las alcaldesas de Madrid y Par\u00eds<\/p>\n<p>Hasta ma\u00f1ana, Madrid se constituye como \u201ccapital de paz\u201d. El imponente centro de convenciones La Nave, ubicado en el distrito de Villaverde, alberga a representantes de unas 70 ciudades de todo el mundo, quienes se han hecho eco de la convocatoria al Foro Mundial sobre Violencias Urbanas y Educaci\u00f3n para la Convivencia y la Paz, promovido por las alcaldesas de Madrid y Par\u00eds, Manuela Carmena y Anne Hidalgo.<\/p>\n<p>Las mandatarias tomaron la iniciativa y convocaron a las ciudades a encontrarse para pensar en este desaf\u00edo de soluciones a los problemas de la violencia en las comunidades, poco despu\u00e9s de los atentados que sufriera la capital francesa en noviembre en el 2016.<\/p>\n<p>El Foro no s\u00f3lo re\u00fane a representantes de los gobiernos locales y regionales, sino tambi\u00e9n a redes y organismos internacionales, entidades sociales, educativas y organizaciones no gubernamentales.<\/p>\n<p>La organizaci\u00f3n est\u00e1 a cargo de los ayuntamientos de Madrid, Par\u00eds y Barcelona, la red Mayors for Peace; la Asociaci\u00f3n Internacional de Ciudades Educadoras; ONU-H\u00e1bitat; la Organizaci\u00f3n Mundial de la Salud (OMS); la red de ciudades Metr\u00f3polis; el Programa de Naciones Unidas para el Desarrollo (PNUD); la Uni\u00f3n de Ciudades Capitales Iberoamericanas (Ucci); la Red Mundial de Ciudades y Gobiernos Locales Unidos (Cglu); la Asociaci\u00f3n Espa\u00f1ola de Investigaci\u00f3n para la Paz (AIPaz); la Red ONGD Madrid y la Federaci\u00f3n Regional de Asociaciones de Vecinos de Madrid (FRAVM).<\/p>\n<p><strong>La importancia de la educaci\u00f3n<\/strong><\/p>\n<p>\u201cSanta Fe est\u00e1 en el mapa internacional de ciudades y es un orgullo compartir con los vecinos la oportunidad de presentar nuestras pol\u00edticas de Jardines Municipales y de Escuelas de Trabajo en este encuentro que re\u00fane a m\u00e1s de 2.700 participantes\u201d, dijo el intendente Jos\u00e9 Corral, tras la ceremonia inaugural en la que recibi\u00f3 el saludo del rey Felipe VI de Espa\u00f1a junto a otros primeros mandatarios de ciudades que se han dado cita en el Foro.<\/p>\n<p>Destac\u00f3 especialmente, el hecho que Santa Fe \u201cest\u00e9 junto a otras 70 ciudades tan importantes como Madrid, Par\u00eds y tantas latinoamericanas, para discutir un tema que afecta a todo el mundo, pero que en Argentina y en Santa Fe en particular lo vivimos a diario, como es el problema de la violencia urbana\u201d. En ese sentido, repar\u00f3 en que d\u00edas atr\u00e1s \u201cve\u00edamos las terribles im\u00e1genes de un hincha de f\u00fatbol que era arrojado por una tribuna, lo que le provoc\u00f3 la muerte. Y esas situaciones hacen que tengamos que preguntarnos qu\u00e9 nos sucede a los seres humanos que resolvemos los conflictos a trav\u00e9s de la violencia\u201d.<\/p>\n<p>Jos\u00e9 Corral destac\u00f3 especialmente la importancia que revista para nuestra ciudad \u201cque entre las cientos de iniciativas que se postularon para poder ser presentadas aqu\u00ed, hayan sido seleccionados dos de los programas que llevamos adelante, a partir de los cuales venimos desarrollando aportes concretos para ir logrando cambios profundos\u201d. En esa l\u00ednea, remarc\u00f3 que la alcaldesa de Madrid se\u00f1alaba al cerrar su discurso de bienvenida, \u201cla importancia de las palabras para resolver el conflicto de una manera no violenta y en ello, la educaci\u00f3n juega un rol determinante. Es precisamente lo que hacemos con nuestros jardines: a los m\u00e1s chiquitos de los barrios que requieren de las mayores oportunidades, ense\u00f1arles que a trav\u00e9s de las palabras tener m\u00e1s herramientas para vivir en paz\u201d, enfatiz\u00f3.<\/p>\n<p>El intendente a\u00f1adi\u00f3 que, a su vez, las escuelas de Trabajo \u201chacen tambi\u00e9n un abordaje en este sentido con los adolescentes, para quienes es un momento dif\u00edcil en sus vidas, porque est\u00e1n definiendo qu\u00e9 camino van a seguir e incluso armando sus familias\u201d; dijo finalmente, que las acciones que se desarrollan a trav\u00e9s del programa implican \u201cdarles oportunidades sanas de vida y que no caigan en las situaciones de violencia vinculadas con las econom\u00edas del delito y las situaciones que se vinculan a ello que tenemos en Santa Fe.<\/p>\n<p>\u00abSanta Fe est\u00e1 en el mapa internacional de ciudades y es un orgullo compartir con los vecinos la oportunidad de presentar nuestras pol\u00edticas de Jardines Municipales y de Escuelas de Trabajo en este encuentro que re\u00fane a m\u00e1s de 2.700 participantes\u201d.<\/p>\n<p>Jos\u00e9 Corral,\u00a0intendente.<\/p>\n<h6>Fuente: El Litoral Santa Fe<\/h6>\n","protected":false},"excerpt":{"rendered":"<p>El intendente Jos\u00e9 Corral particip\u00f3 de la apertura del Foro Mundial sobre Violencias Urbanas, cuya inauguraci\u00f3n estuvo a cargo del rey Felipe VI de Espa\u00f1a y las alcaldesas de Madrid y Par\u00eds.<\/p>\n","protected":false},"author":2,"featured_media":61957,"comment_status":"closed","ping_status":"closed","sticky":false,"template":"","format":"standard","meta":{"footnotes":""},"categories":[2],"tags":[10],"class_list":["post-61956","post","type-post","status-publish","format-standard","has-post-thumbnail","hentry","category-informe-municipal","tag-santa-fe"],"_links":{"self":[{"href":"http:\/\/argentinamunicipal.com.ar\/argentina\/wp-json\/wp\/v2\/posts\/61956","targetHints":{"allow":["GET"]}}],"collection":[{"href":"http:\/\/argentinamunicipal.com.ar\/argentina\/wp-json\/wp\/v2\/posts"}],"about":[{"href":"http:\/\/argentinamunicipal.com.ar\/argentina\/wp-json\/wp\/v2\/types\/post"}],"author":[{"embeddable":true,"href":"http:\/\/argentinamunicipal.com.ar\/argentina\/wp-json\/wp\/v2\/users\/2"}],"replies":[{"embeddable":true,"href":"http:\/\/argentinamunicipal.com.ar\/argentina\/wp-json\/wp\/v2\/comments?post=61956"}],"version-history":[{"count":0,"href":"http:\/\/argentinamunicipal.com.ar\/argentina\/wp-json\/wp\/v2\/posts\/61956\/revisions"}],"wp:featuredmedia":[{"embeddable":true,"href":"http:\/\/argentinamunicipal.com.ar\/argentina\/wp-json\/wp\/v2\/media\/61957"}],"wp:attachment":[{"href":"http:\/\/argentinamunicipal.com.ar\/argentina\/wp-json\/wp\/v2\/media?parent=61956"}],"wp:term":[{"taxonomy":"category","embeddable":true,"href":"http:\/\/argentinamunicipal.com.ar\/argentina\/wp-json\/wp\/v2\/categories?post=61956"},{"taxonomy":"post_tag","embeddable":true,"href":"http:\/\/argentinamunicipal.com.ar\/argentina\/wp-json\/wp\/v2\/tags?post=61956"}],"curies":[{"name":"wp","href":"https:\/\/api.w.org\/{rel}","templated":true}]}}