{"id":61974,"date":"2017-04-21T07:38:49","date_gmt":"2017-04-21T10:38:49","guid":{"rendered":"http:\/\/argentinamunicipal.com.ar\/argentina\/?p=61974"},"modified":"2017-04-21T07:38:49","modified_gmt":"2017-04-21T10:38:49","slug":"aumenta-la-demanda-alimentos-los-comedores-comunitarios-rosarinos","status":"publish","type":"post","link":"http:\/\/argentinamunicipal.com.ar\/argentina\/aumenta-la-demanda-alimentos-los-comedores-comunitarios-rosarinos\/","title":{"rendered":"Aumenta la demanda de alimentos en los comedores comunitarios rosarinos"},"content":{"rendered":"<p>Provincia y municipio estimaron una suba acumulada del 30 por ciento desde 2016. \u00abNo damos abasto\u00bb, dicen los referentes barriales<\/p>\n<p>Inflaci\u00f3n, aumento de impuestos, recesi\u00f3n, problemas con el empleo. La crisis se profundiza y quienes primero dan se\u00f1ales de alerta son los comedores comunitarios de la ciudad. \u00abAgregamos otra olla de 70 litros, tenemos otras 120 personas que vienen a retirar comida\u00bb, indic\u00f3 Facundo Vijande, del Comedor Dorita, en barrio Sarmiento. La postal se repite. En el barrio Toba de Roulli\u00f3n al 4300, Rosa confiesa: \u00abSe agregaron otras 200 personas. No damos abasto. Se cort\u00f3 la changa y viene cada vez m\u00e1s gente\u00bb. En Villa Banana, el comedor La Ucha le da de comer a 470 personas, 250 m\u00e1s que hace 4 meses. \u00abVolvi\u00f3 gente que ten\u00eda trabajo y al perderlo est\u00e1 de regreso\u00bb, indic\u00f3 Nancy.<\/p>\n<p>En la Municipalidad y la provincia tambi\u00e9n est\u00e1n siguiendo de cerca este marcado incremento en la afluencia de personas que van a los comedores a solicitar alimentos.<\/p>\n<p>En la Secretar\u00eda de Desarrollo Social ya detectaron un 30 por ciento de incremento en 2016 y la tendencia para este a\u00f1o sigue en alza. \u00abSe registran m\u00e1s demandas de familias que antes no asist\u00edan a comedores o no recib\u00edan ayuda alimentaria y se acercan a las instituciones municipales, los Centros de Convivencia Barrial a pedir asistencia. Tambi\u00e9n a los comedores comunitarios, algunos tienen lista de espera\u00bb, admiten en el Palacio de los Leones.<\/p>\n<p><strong>Bajo la lupa<\/strong><\/p>\n<p>Para el ministro de Desarrollo Social, Jorge Alvarez, el incremento entre 2016 y 2017 acumulado ronda el 30 por ciento. \u00abLo hemos notado mucho sobre fin de a\u00f1o, y si se analiza este primer trimestre; ha sido muy duro\u00bb, admiti\u00f3 y analiz\u00f3 algunas causas: \u00abHubo ca\u00edda del empleo en algunas industrias y m\u00e1s a\u00fan en el sector informal, con gente que perdi\u00f3 las changas de la semana y una clase media que ajusta recursos por efecto de la inflaci\u00f3n\u00bb.<\/p>\n<p>A la hora de imaginar un horizonte a corto y mediano plazo, el ministro de Desarrollo santafesino admiti\u00f3 que desde la Casa Gris \u00abesta problem\u00e1tica se sigue con mucha atenci\u00f3n, en particular con el monitoreo familia por familia que nos permite el Abre Familia\u00bb.<\/p>\n<p>En relaci\u00f3n a los temas pendientes con el gobierno nacional, Alvarez marc\u00f3 la necesidad de que desembarquen en Santa Fe los programas de inclusi\u00f3n Argentina Trabaja y Ellas Hacen. \u00abPara que se tenga acceso a lo social, al margen de lo suplementario que otorga la asignaci\u00f3n universal o los planes provinciales\u00bb.<\/p>\n<p><strong>En alza<\/strong><\/p>\n<p>En los barrios perif\u00e9ricos el incremento en la demanda alimenticia se siente con fuerza. Rosa coordina el centro comunitario La Morena, de barrio Toba. Est\u00e1 ubicado en calle Comando 602 al 4300, paralela a Roulli\u00f3n a la misma altura.<\/p>\n<p>\u00abHace 3 o 4 meses atr\u00e1s eran 250 pibes, ahora vienen 450. Impresiona la cantidad de familias que me vienen a pedir que los anote, pero es imposible. El municipio nos da 5 mil pesos mensuales y la provincia 4.500 pesos incluyendo el gas. Se hace muy dif\u00edcil cubrir el mes\u00bb, dice Rosa a LaCapital .<\/p>\n<p>Dos veces a la semana, La Morena les da de comer a chicos de entre los 6 meses y los 12 a\u00f1os, adem\u00e1s de ancianos. Y los mi\u00e9rcoles se ofrece la copa de leche. \u00abNo damos abasto, sorprende ver gente nueva que se qued\u00f3 sin trabajo y anda con los carritos cirujeando. Se cort\u00f3 la changa y cada vez son m\u00e1s\u00bb, comenta la mujer.<\/p>\n<p>La afluencia de gente viene fundamentalmente desde un asentamiento irregular armado en una quinta de verduras abandonada. \u00abVeo muchos pibes mal alimentados. El problema no es que me falte horno o las ollas, no tengo para meter adentro\u00bb, apunt\u00f3.<\/p>\n<p>Otro dato sobresale. Cuando los pibes terminan de comer, las madres abren los Tupper para llevarse lo que sobr\u00f3 de la jornada. \u00abSe nota que no comen en las casas, que falta el alimento\u00bb, agrega Rosa con dolor.<\/p>\n<p><strong>Con el Tupper<\/strong><\/p>\n<p>En Villa Banana, en la zona de Lima y Rueda, asoma el Centro Comunitario La Ucha. \u00abHace un tiempo ven\u00edan 250 personas, ahora tenemos 470\u00bb, dice Nancy. All\u00ed, tres veces por semana se les da de comer a chicos de 5 a 14 a\u00f1os. \u00abNos est\u00e1n ayudando los carreros, que traen leche, chocolatada y az\u00facar despu\u00e9s de cartonear\u00bb, dice la joven. Al igual que en barrio Toba, los pibes llegan con los Tupper para los padres. \u00abLo que sobra, siempre se da\u00bb, apunta Nancy.<\/p>\n<p>En Banana tambi\u00e9n impacta la crisis. Los que hac\u00eda tiempo no aparec\u00edan por el comedor, ahora est\u00e1n de vuelta. Y tambi\u00e9n se entremezcla gente que jam\u00e1s hab\u00eda ido a pedir un plato de comida.<\/p>\n<p>Facundo Peralta, de la ONG Causa aport\u00f3 otro s\u00edntoma del empobrecimiento. \u00abHay gente que se est\u00e1 mudando de las villas c\u00e9ntricas como Banana o La Lata; a la periferia, y la demanda en comedores de las afueras de Rosario es cada vez mayor\u00bb, resumi\u00f3.<\/p>\n<h6>Fuente: La Capital Rosario<\/h6>\n","protected":false},"excerpt":{"rendered":"<p>Provincia y municipio estimaron una suba acumulada del 30 por ciento desde 2016. \u00abNo damos abasto\u00bb, dicen los referentes barriales<\/p>\n","protected":false},"author":2,"featured_media":61975,"comment_status":"closed","ping_status":"closed","sticky":false,"template":"","format":"standard","meta":{"footnotes":""},"categories":[2],"tags":[10],"class_list":["post-61974","post","type-post","status-publish","format-standard","has-post-thumbnail","hentry","category-informe-municipal","tag-santa-fe"],"_links":{"self":[{"href":"http:\/\/argentinamunicipal.com.ar\/argentina\/wp-json\/wp\/v2\/posts\/61974","targetHints":{"allow":["GET"]}}],"collection":[{"href":"http:\/\/argentinamunicipal.com.ar\/argentina\/wp-json\/wp\/v2\/posts"}],"about":[{"href":"http:\/\/argentinamunicipal.com.ar\/argentina\/wp-json\/wp\/v2\/types\/post"}],"author":[{"embeddable":true,"href":"http:\/\/argentinamunicipal.com.ar\/argentina\/wp-json\/wp\/v2\/users\/2"}],"replies":[{"embeddable":true,"href":"http:\/\/argentinamunicipal.com.ar\/argentina\/wp-json\/wp\/v2\/comments?post=61974"}],"version-history":[{"count":0,"href":"http:\/\/argentinamunicipal.com.ar\/argentina\/wp-json\/wp\/v2\/posts\/61974\/revisions"}],"wp:featuredmedia":[{"embeddable":true,"href":"http:\/\/argentinamunicipal.com.ar\/argentina\/wp-json\/wp\/v2\/media\/61975"}],"wp:attachment":[{"href":"http:\/\/argentinamunicipal.com.ar\/argentina\/wp-json\/wp\/v2\/media?parent=61974"}],"wp:term":[{"taxonomy":"category","embeddable":true,"href":"http:\/\/argentinamunicipal.com.ar\/argentina\/wp-json\/wp\/v2\/categories?post=61974"},{"taxonomy":"post_tag","embeddable":true,"href":"http:\/\/argentinamunicipal.com.ar\/argentina\/wp-json\/wp\/v2\/tags?post=61974"}],"curies":[{"name":"wp","href":"https:\/\/api.w.org\/{rel}","templated":true}]}}