{"id":61980,"date":"2017-04-21T07:47:52","date_gmt":"2017-04-21T10:47:52","guid":{"rendered":"http:\/\/argentinamunicipal.com.ar\/argentina\/?p=61980"},"modified":"2017-04-21T07:47:52","modified_gmt":"2017-04-21T10:47:52","slug":"neuquen-la-perdida-del-trabajo-genera-desesperanza-los-desocupados","status":"publish","type":"post","link":"http:\/\/argentinamunicipal.com.ar\/argentina\/neuquen-la-perdida-del-trabajo-genera-desesperanza-los-desocupados\/","title":{"rendered":"Neuqu\u00e9n: La p\u00e9rdida del trabajo genera desesperanza en los desocupados"},"content":{"rendered":"<p>En un a\u00f1o se eliminaron 1.564 puestos en la actividad privada. La crisis muestra su costado m\u00e1s dram\u00e1tico en los que no pueden recuperar la fuente de ingresos.<\/p>\n<p>\u201cQu\u00e9 te parece. Ac\u00e1 no hay nada ahora, estamos hace ya pr\u00e1cticamente tres o cuatro meses y no hemos recibido nada. Aparte es un pueblito que no podes decir: voy a conseguir un trabajo o una changa. Ac\u00e1 no hay nada\u201d. El que habla es Jos\u00e9 Churrar\u00edn. Tiene 43 a\u00f1os y es uno de los 17 trabajadores que pertenec\u00eda a Embotelladora Comahue. Es una de las caras de las desocupaci\u00f3n.<\/p>\n<p>Seg\u00fan datos del Indec el empleo formal cay\u00f3 un 3,2% en Neuqu\u00e9n a lo largo de 2016. En 2015 en la provincia hab\u00eda 115.976 puestos de trabajo registrados en el sector privado. El a\u00f1o pasado la cifra fue de 114.412, lo que representa una reducci\u00f3n de 1.564 puestos. El peor trimestre fue el cuarto cuando se registraron 113.100 empleos, cifras exclusivamente del \u00e1mbito privado.<\/p>\n<p>La desocupaci\u00f3n en el aglomerado Neuqu\u00e9n -Plottier fue de 6,7% en el cuarto trimestre de 2016. En la franja de j\u00f3venes de hasta 29 a\u00f1os la tasa trep\u00f3 al 14,2%, mientras que aquellos que superan esa edad y tienen menos de 65 a\u00f1os el n\u00famero fue de 4,4%. De todas maneras los hombres conservan la mayor participaci\u00f3n tanto en actividad como en empleo con un promedio del 60%, mientras que las mujeres apenas llegaron al 40%.<\/p>\n<p>La planta de la Embotelladora Comahue est\u00e1 ubicada en Santo Tom\u00e1s, una localidad de 370 habitantes, con comisi\u00f3n de fomento, distante a 40 kil\u00f3metros aproximadamente de Piedra del \u00c1guila. Churrar\u00edn recuerda que el \u00faltimo salario que percibi\u00f3 fue en diciembre del a\u00f1o pasado.<\/p>\n<p>\u201cNos pagaron el 70% del sueldo. Nos quedaron debiendo el 30%, el aguinaldo, dos premios que se dan a fin de a\u00f1o. No cobramos enero, febrero y marzo. Nos han abandonado pr\u00e1cticamente, porque nosotros tuvimos una reuni\u00f3n en el ministerio de Trabajo, el 16 de febrero, con los due\u00f1os. Hicieron un acta acuerdo, un compromiso y bien gracias porque no lo cumplieron\u201d, cont\u00f3.<\/p>\n<p>El grupo de despedidos permanece en las instalaciones a la espera de una soluci\u00f3n. \u201cNosotros no queremos que esto se cierre porque es la \u00fanica fuente de trabajo que tenemos. Podemos largar hoy la producci\u00f3n, pero \u00bfqui\u00e9n nos garantiza que nos van a comprar? A la provincia le tiene que interesar, si nosotros nos quedamos sin trabajo, \u00bfa qui\u00e9n le vamos a pedir trabajo? A la provincia\u201d, agreg\u00f3.<\/p>\n<p>Patricio Reyes, de 32 a\u00f1os, fue despedido de la firma Maikop, una planta productora de biocombustible de Plaza Huincul. \u201cEn el a\u00f1o 2014 empezaron a pagar fuera de t\u00e9rmino. La \u00faltima suspensi\u00f3n que tuvimos fue en noviembre de 2016, ya para esto ven\u00edamos cobrando en cuotas y fuera de t\u00e9rmino. A m\u00ed y a un par m\u00e1s nos lleg\u00f3 el despido este a\u00f1o\u201d, se\u00f1al\u00f3.<\/p>\n<p>Actualmente Reyes vive en Centenario, en la casa de un familiar porque no puede afrontar el pago de un alquiler. \u201cYo tengo estudio, tengo t\u00edtulo, pero parece que hoy por hoy no sirve de nada. Soy t\u00e9cnico de perforaci\u00f3n y control de pozos. Nos dicen que esto se va a reactivar, pero de ac\u00e1 a tres meses m\u00e1s\u201d.<\/p>\n<p>Coinciden en que la espera se hace interminable. Pese a los anuncios de inversiones y las expectativas de una reactivaci\u00f3n, los rostros de los despidos se multiplican en la regi\u00f3n.<\/p>\n<p>En n\u00fameros<strong>\u00a0114.412<\/strong><br \/>\ntrabajadores registrados ten\u00eda la provincia seg\u00fan el \u00faltimo registro del 2016. El peor trimestre fue el cuarto.<\/p>\n<p><strong>6,7%\u00a0<\/strong>fue la cifra de la desocupaci\u00f3n para el aglomerado Neuqu\u00e9n-Plottier durante los \u00faltimos tres meses del a\u00f1o pasado.<\/p>\n<p>En la franja de j\u00f3venes hasta 29 a\u00f1os la tasa de poblaci\u00f3n activa sin empleo trep\u00f3 al 14,2%, mientras que en el segmento de hasta 65 a\u00f1os fue de 4,4%.<\/p>\n<p>\u201cTe dicen \u2018aguant\u00e1, que se reactivar\u00e1\u2019. Pero va pasando el tiempo y no te sale ni un trabajo, y lo cierto es que la estamos pasando muy mal\u201d.<br \/>\nPatricio Reyes, desocupado de la empresa Maikop,<br \/>\nde Plaza Huincul.<\/p>\n<h6>Fuente: R\u00edo Negro<\/h6>\n","protected":false},"excerpt":{"rendered":"<p>En un a\u00f1o se eliminaron 1.564 puestos en la actividad privada. La crisis muestra su costado m\u00e1s dram\u00e1tico en los que no pueden recuperar la fuente de ingresos.<\/p>\n","protected":false},"author":2,"featured_media":61981,"comment_status":"closed","ping_status":"closed","sticky":false,"template":"","format":"standard","meta":{"footnotes":""},"categories":[65],"tags":[23],"class_list":["post-61980","post","type-post","status-publish","format-standard","has-post-thumbnail","hentry","category-provincias","tag-neuquen"],"_links":{"self":[{"href":"http:\/\/argentinamunicipal.com.ar\/argentina\/wp-json\/wp\/v2\/posts\/61980","targetHints":{"allow":["GET"]}}],"collection":[{"href":"http:\/\/argentinamunicipal.com.ar\/argentina\/wp-json\/wp\/v2\/posts"}],"about":[{"href":"http:\/\/argentinamunicipal.com.ar\/argentina\/wp-json\/wp\/v2\/types\/post"}],"author":[{"embeddable":true,"href":"http:\/\/argentinamunicipal.com.ar\/argentina\/wp-json\/wp\/v2\/users\/2"}],"replies":[{"embeddable":true,"href":"http:\/\/argentinamunicipal.com.ar\/argentina\/wp-json\/wp\/v2\/comments?post=61980"}],"version-history":[{"count":0,"href":"http:\/\/argentinamunicipal.com.ar\/argentina\/wp-json\/wp\/v2\/posts\/61980\/revisions"}],"wp:featuredmedia":[{"embeddable":true,"href":"http:\/\/argentinamunicipal.com.ar\/argentina\/wp-json\/wp\/v2\/media\/61981"}],"wp:attachment":[{"href":"http:\/\/argentinamunicipal.com.ar\/argentina\/wp-json\/wp\/v2\/media?parent=61980"}],"wp:term":[{"taxonomy":"category","embeddable":true,"href":"http:\/\/argentinamunicipal.com.ar\/argentina\/wp-json\/wp\/v2\/categories?post=61980"},{"taxonomy":"post_tag","embeddable":true,"href":"http:\/\/argentinamunicipal.com.ar\/argentina\/wp-json\/wp\/v2\/tags?post=61980"}],"curies":[{"name":"wp","href":"https:\/\/api.w.org\/{rel}","templated":true}]}}