{"id":62001,"date":"2017-04-21T08:16:39","date_gmt":"2017-04-21T11:16:39","guid":{"rendered":"http:\/\/argentinamunicipal.com.ar\/argentina\/?p=62001"},"modified":"2017-04-21T08:16:39","modified_gmt":"2017-04-21T11:16:39","slug":"freno-al-desalojo-del-bauen-cinco-minutos-respiro","status":"publish","type":"post","link":"http:\/\/argentinamunicipal.com.ar\/argentina\/freno-al-desalojo-del-bauen-cinco-minutos-respiro\/","title":{"rendered":"Freno al desalojo del Bauen: \u201cSon cinco minutos de respiro\u201d"},"content":{"rendered":"<p>Desde la cooperativa que administra el hotel porte\u00f1o destacaron la postergaci\u00f3n del desalojo aunque aclararon que \u201cno est\u00e1n m\u00e1s tranquilos en la lucha\u201d. \u201cVamos a seguir peleando por nuestras fuentes de trabajo\u201d, recalcaron.<\/p>\n<p>El Juzgado Comercial 9, a cargo de Mar\u00eda Paula Hualde, hab\u00eda establecido el 19 de abril como la fecha en la que deb\u00eda concretarse el desalojo del edificio ubicado en la avenida Callao al 300 en Capital Federal. Sin embargo, esta resoluci\u00f3n fue postergada de manera provisoria ya que la Sala C de la C\u00e1mara Nacional de Apelaciones en lo Comercial de la Ciudad de Buenos hizo lugar a un recurso de queja presentado por la cooperativa que administra el hotel.<\/p>\n<p>En di\u00e1logo con Info Regi\u00f3n, Eva Losada, integrante de la cooperativa, dej\u00f3 en claro que \u201cm\u00e1s all\u00e1 de la postergaci\u00f3n del desalojo, los trabajadores no est\u00e1n tranquilos\u201d.<\/p>\n<p>\u201cVamos a seguir con las medidas necesarias porque uno no se tiene que creer que se solucion\u00f3 algo. Se posterg\u00f3 para no s\u00e9 cu\u00e1ndo y eso es lo que estamos tratando de ver, para seguir con nuestra lucha\u201d, sostuvo.<\/p>\n<p>Actividades. Con la postergaci\u00f3n del desalojo confirmada, el festival de vigilia que se iba a realizar el mi\u00e9rcoles no se llev\u00f3 a cabo. Pero las actividades de difusi\u00f3n de la lucha de la cooperativa continuar\u00e1n.<\/p>\n<p>\u201cVamos a seguir todos presentes en el Hotel Bauen para brindar informaci\u00f3n de nuestra lucha y dem\u00e1s. No sabemos qu\u00e9 puede pasar ma\u00f1ana o pasado, si vienen y nos dicen que contin\u00faa el desalojo. Pero no vamos a parar por cinco minutos de respiro\u201d, advirti\u00f3 Losada.<\/p>\n<p>Y concluy\u00f3: \u201cLa lucha que llevamos adelante las familias de los 130 trabajadores que componemos la cooperativa del hotel, seguir\u00e1 hasta que tengamos garantizados nuestros puestos de trabajo\u201d.<\/p>\n<h6>Fuente\u00a0Info Regi\u00f3n.<\/h6>\n","protected":false},"excerpt":{"rendered":"<p>Desde la cooperativa que administra el hotel porte\u00f1o destacaron la postergaci\u00f3n del desalojo aunque aclararon que \u201cno est\u00e1n m\u00e1s tranquilos en la lucha\u201d. \u201cVamos a seguir peleando por nuestras fuentes de trabajo\u201d, recalcaron.<\/p>\n","protected":false},"author":2,"featured_media":62002,"comment_status":"closed","ping_status":"closed","sticky":false,"template":"","format":"standard","meta":{"footnotes":""},"categories":[2],"tags":[12],"class_list":["post-62001","post","type-post","status-publish","format-standard","has-post-thumbnail","hentry","category-informe-municipal","tag-buenos-aires"],"_links":{"self":[{"href":"http:\/\/argentinamunicipal.com.ar\/argentina\/wp-json\/wp\/v2\/posts\/62001","targetHints":{"allow":["GET"]}}],"collection":[{"href":"http:\/\/argentinamunicipal.com.ar\/argentina\/wp-json\/wp\/v2\/posts"}],"about":[{"href":"http:\/\/argentinamunicipal.com.ar\/argentina\/wp-json\/wp\/v2\/types\/post"}],"author":[{"embeddable":true,"href":"http:\/\/argentinamunicipal.com.ar\/argentina\/wp-json\/wp\/v2\/users\/2"}],"replies":[{"embeddable":true,"href":"http:\/\/argentinamunicipal.com.ar\/argentina\/wp-json\/wp\/v2\/comments?post=62001"}],"version-history":[{"count":0,"href":"http:\/\/argentinamunicipal.com.ar\/argentina\/wp-json\/wp\/v2\/posts\/62001\/revisions"}],"wp:featuredmedia":[{"embeddable":true,"href":"http:\/\/argentinamunicipal.com.ar\/argentina\/wp-json\/wp\/v2\/media\/62002"}],"wp:attachment":[{"href":"http:\/\/argentinamunicipal.com.ar\/argentina\/wp-json\/wp\/v2\/media?parent=62001"}],"wp:term":[{"taxonomy":"category","embeddable":true,"href":"http:\/\/argentinamunicipal.com.ar\/argentina\/wp-json\/wp\/v2\/categories?post=62001"},{"taxonomy":"post_tag","embeddable":true,"href":"http:\/\/argentinamunicipal.com.ar\/argentina\/wp-json\/wp\/v2\/tags?post=62001"}],"curies":[{"name":"wp","href":"https:\/\/api.w.org\/{rel}","templated":true}]}}