{"id":62004,"date":"2017-04-21T06:17:04","date_gmt":"2017-04-21T09:17:04","guid":{"rendered":"http:\/\/argentinamunicipal.com.ar\/argentina\/?p=62004"},"modified":"2017-04-21T08:23:01","modified_gmt":"2017-04-21T11:23:01","slug":"cordoba-reforestara-150-000-hectareas-bosques-prevenir-inundaciones","status":"publish","type":"post","link":"http:\/\/argentinamunicipal.com.ar\/argentina\/cordoba-reforestara-150-000-hectareas-bosques-prevenir-inundaciones\/","title":{"rendered":"C\u00f3rdoba reforestar\u00e1 150.000 hect\u00e1reas de bosques para prevenir inundaciones"},"content":{"rendered":"<p>Es para prevenir las inundaciones y los incendios que todos los a\u00f1os afectan a gran parte de ese territorio. Ser\u00e1 tras la firma de un convenio con la provincia de Misiones.<\/p>\n<p>La provincia de C\u00f3rdoba reforestar\u00e1 150.000 hect\u00e1reas de bosques nativos a trav\u00e9s de la biotecnolog\u00eda con el objetivo de prevenir las inundaciones y los incendios que todos los a\u00f1os afectan a gran parte de su territorio, de acuerdo con un convenio que firm\u00f3 con la provincia de Misiones.<\/p>\n<p>El acuerdo suscripto por los gobernadores Juan Schiaretti y Hugo Passalacqua prev\u00e9 la transferencia de tecnolog\u00eda desarollada en territorio misionero a trav\u00e9s de la firma Biofr\u00e1bica dentro del Programa de Restauraci\u00f3n Ambiental Forestal.<\/p>\n<p>El objetivo de este convenio apunta a restablecer los bosques nativos y las plantas naturales de C\u00f3rdoba que perdieron terreno frente al avance de la frontera agr\u00edcola y que, de acuerdo a los ambientalistas, son la causa principal de las inundaciones, incendios forestales y desastres naturales que afectaron a la provincia mediterr\u00e1nea.<\/p>\n<p>Misiones transferir\u00e1 la tecnolog\u00eda y el conocimiento sobre recuperaci\u00f3n de especies vegetales, lo que incluye a viveristas, contratistas de servicios (preparaci\u00f3n de suelo y plantaci\u00f3n) y profesionales del \u00e1rea.<\/p>\n<p>Tambi\u00e9n implicar\u00e1 la transferencia tecnol\u00f3gica de un laboratorio de biotecnolog\u00eda vegetal que permitir\u00e1 el rescate, domesticaci\u00f3n y propagaci\u00f3n de especies nativas.<\/p>\n<p>Adem\u00e1s se proveer\u00e1n plantines forestales para el inicio de la campa\u00f1a 2017\/18 y asistencia t\u00e9cnica en la refuncionalizaci\u00f3n de viveros para la oferta de especies nativas y ex\u00f3ticas ambientadas y se desarollar\u00e1 un \u00abPhytolab\u00bb: el prototipo de Biof\u00e1brica M\u00f3vil para la conservaci\u00f3n, saneamiento y propagaci\u00f3n masiva de plantas.<\/p>\n<p>El programa que se ejecutar\u00e1 en C\u00f3rdoba ya desarrollado en Misiones incluye el manejo de semillas forestales para mejorar la eficiencia en el rescate y cultivo de especies nativas y la gesti\u00f3n territorial por sensores remotos (im\u00e1genes satelitales y fotograf\u00edas a\u00e9reas).<\/p>\n<p>El gerente general de Biofr\u00e1bica, Jos\u00e9 Cabral asegur\u00f3 a T\u00e9lam que \u00bb C\u00f3rdoba avanz\u00f3 con su frontera agr\u00edcola sobre los bosques naturales esto determin\u00f3 la disminuci\u00f3n de la retenci\u00f3n de agua de los suelos y las consecuentes inundaciones que arrasaron con casas y puentes a fines del a\u00f1o pasado\u00bb.<\/p>\n<p>\u00abAdem\u00e1s la p\u00e9rdida de superficies boscosas caus\u00f3 la p\u00e9rdida de humedad en otras zonas , lo que implica un alto riesgo de generaci\u00f3n de incendios forestales\u00bb, subray\u00f3.<\/p>\n<p>El profesional explic\u00f3 que a partir de la biotecnolog\u00eda \u00abno s\u00f3lo se pueden reforestar bosques sino volver a restaurar especies nativas de la provincia ya extinguidas\u00bb. \u00abEn Misiones, hemos generado la experiencia necesaria desde hace diez a\u00f1os para exportar hacia otras provincias esta tecnolog\u00eda ya que logramos domesticar y llevar al campo l\u00edneas de producci\u00f3n de plantas silvestres que estaban perdidas\u00bb, sostuvo el directivo.<\/p>\n<p>Cont\u00f3 que en la provincia del litoral \u00abesta experiencia arranc\u00f3 no por las inundaciones sino por una demanda de materia prima ya que la que hab\u00eda tenia mucha afectaci\u00f3n sanitaria\u00bb y dio como ejemplo que \u00abse ha logrado recuperar las orqu\u00eddeas que era una planta casi extinguida en Misiones y hoy se reparten en los hoteles a los turistas\u00bb.<\/p>\n<p>Cabral asegur\u00f3 que tambi\u00e9n lograron transferir a nivel individual microplantas de ca\u00f1a de az\u00facar a Tucum\u00e1n, bananos a Salta, \u00aba partir de una vitroplanta que se desarrolla luego en una maceta\u00bb.<\/p>\n<h6>Fuente: El Once<\/h6>\n","protected":false},"excerpt":{"rendered":"<p>Es para prevenir las inundaciones y los incendios que todos los a\u00f1os afectan a gran parte de ese territorio. Ser\u00e1 tras la firma de un convenio con la provincia de Misiones.<\/p>\n","protected":false},"author":2,"featured_media":62005,"comment_status":"closed","ping_status":"closed","sticky":false,"template":"","format":"standard","meta":{"footnotes":""},"categories":[65],"tags":[3],"class_list":["post-62004","post","type-post","status-publish","format-standard","has-post-thumbnail","hentry","category-provincias","tag-cordoba"],"_links":{"self":[{"href":"http:\/\/argentinamunicipal.com.ar\/argentina\/wp-json\/wp\/v2\/posts\/62004","targetHints":{"allow":["GET"]}}],"collection":[{"href":"http:\/\/argentinamunicipal.com.ar\/argentina\/wp-json\/wp\/v2\/posts"}],"about":[{"href":"http:\/\/argentinamunicipal.com.ar\/argentina\/wp-json\/wp\/v2\/types\/post"}],"author":[{"embeddable":true,"href":"http:\/\/argentinamunicipal.com.ar\/argentina\/wp-json\/wp\/v2\/users\/2"}],"replies":[{"embeddable":true,"href":"http:\/\/argentinamunicipal.com.ar\/argentina\/wp-json\/wp\/v2\/comments?post=62004"}],"version-history":[{"count":0,"href":"http:\/\/argentinamunicipal.com.ar\/argentina\/wp-json\/wp\/v2\/posts\/62004\/revisions"}],"wp:featuredmedia":[{"embeddable":true,"href":"http:\/\/argentinamunicipal.com.ar\/argentina\/wp-json\/wp\/v2\/media\/62005"}],"wp:attachment":[{"href":"http:\/\/argentinamunicipal.com.ar\/argentina\/wp-json\/wp\/v2\/media?parent=62004"}],"wp:term":[{"taxonomy":"category","embeddable":true,"href":"http:\/\/argentinamunicipal.com.ar\/argentina\/wp-json\/wp\/v2\/categories?post=62004"},{"taxonomy":"post_tag","embeddable":true,"href":"http:\/\/argentinamunicipal.com.ar\/argentina\/wp-json\/wp\/v2\/tags?post=62004"}],"curies":[{"name":"wp","href":"https:\/\/api.w.org\/{rel}","templated":true}]}}