{"id":62007,"date":"2017-04-21T06:23:44","date_gmt":"2017-04-21T09:23:44","guid":{"rendered":"http:\/\/argentinamunicipal.com.ar\/argentina\/?p=62007"},"modified":"2017-04-21T08:26:50","modified_gmt":"2017-04-21T11:26:50","slug":"corrientes-nacion-provincia-municipios-la-economia-social","status":"publish","type":"post","link":"http:\/\/argentinamunicipal.com.ar\/argentina\/corrientes-nacion-provincia-municipios-la-economia-social\/","title":{"rendered":"Corrientes: Naci\u00f3n, Provincia y municipios, por la econom\u00eda social"},"content":{"rendered":"<p>Un convenio para la aplicaci\u00f3n de El Mercado en tu Barrio, se firm\u00f3 ayer entre diferentes funcionarios. El objetivo, apostar a la agricultura familiar a bajo costo.<\/p>\n<p>Un importante convenio entre Naci\u00f3n, Provincia y los municipios Capital, Empedrado, Riachuelo y San Cosme fue firmado ayer, a favor de la econom\u00eda social y regional. El acuerdo, denominado El Mercado en tu Barrio, ser\u00e1 ejecutado a trav\u00e9s de la Subsecretar\u00eda Nacional de Comercio Interior y consiste en la instalaci\u00f3n de ferias en diferentes espacios p\u00fablicos, donde los comerciantes ofertar\u00e1n productos a menor costo.<\/p>\n<p>El ministro de Coordinaci\u00f3n y Planificaci\u00f3n, Eduardo Vischi; su par de Producci\u00f3n, Jorge Vara; el subsecretario de Comercio Interior de la Naci\u00f3n, Javier Tizado; el presidente de la Comisi\u00f3n de Salud de la Legislatura provincial, Eduardo Tassano; el concejal Emilio Lanari, la titular de la Anses Corrientes, Estela Regidor, intendentes, otros funcionarios y productores, participaron del acto de firma en el Sal\u00f3n Verde de la Casa de Gobierno.<\/p>\n<p>En este sentido, el ministro Vara indic\u00f3 que este programa viene a ser un complemento de las ferias francas llevadas en todo este tiempo por el Gobierno provincial. \u00abTal vez, m\u00e1s abarcativo por la gama de productos que se ofrecen y tambi\u00e9n por la carne roja, muy consumida por los argentinos, que se complementa con otras carnes, l\u00e1cteos, huevos y otros\u00bb, dijo.<\/p>\n<p>En tanto, el Subsecretario de Comercio Interior indic\u00f3 que el a\u00f1o pasado se hizo una experiencia piloto en Quilmes (Buenos Aires). \u00abFue un \u00e9xito, hoy estamos en 18 municipios bonaerenses, hemos incursionado tambi\u00e9n en la provincia de Santa Fe con la asociaci\u00f3n de quinteros, con 4.500 a 5 mil personas y la verdad que este programa nos llena de orgullo\u00bb. Se\u00f1al\u00f3 tambi\u00e9n que la iniciativa tiene varios objetivos y el principal es promover la econom\u00eda regional, las Pymes, nosotros apostamos mucho por la producci\u00f3n local, la agricultura familiar y la posibilidad de hacerle llegar a la gente productos de buena calidad y bajo precio.<\/p>\n<p>Por \u00faltimo, remarc\u00f3 la importancia que tiene la participaci\u00f3n y compromiso de la provincia y de los intendentes. \u00abDe otra manera el desarrollo y el \u00e9xito de este programa no se podr\u00eda llevar a cabo\u00bb, complet\u00f3.<\/p>\n<h6>Fuente: El Libertador<\/h6>\n","protected":false},"excerpt":{"rendered":"<p>Un convenio para la aplicaci\u00f3n de El Mercado en tu Barrio, se firm\u00f3 ayer entre diferentes funcionarios. El objetivo, apostar a la agricultura familiar a bajo costo.<\/p>\n","protected":false},"author":2,"featured_media":62008,"comment_status":"closed","ping_status":"closed","sticky":false,"template":"","format":"standard","meta":{"footnotes":""},"categories":[2],"tags":[13],"class_list":["post-62007","post","type-post","status-publish","format-standard","has-post-thumbnail","hentry","category-informe-municipal","tag-corrientes"],"_links":{"self":[{"href":"http:\/\/argentinamunicipal.com.ar\/argentina\/wp-json\/wp\/v2\/posts\/62007","targetHints":{"allow":["GET"]}}],"collection":[{"href":"http:\/\/argentinamunicipal.com.ar\/argentina\/wp-json\/wp\/v2\/posts"}],"about":[{"href":"http:\/\/argentinamunicipal.com.ar\/argentina\/wp-json\/wp\/v2\/types\/post"}],"author":[{"embeddable":true,"href":"http:\/\/argentinamunicipal.com.ar\/argentina\/wp-json\/wp\/v2\/users\/2"}],"replies":[{"embeddable":true,"href":"http:\/\/argentinamunicipal.com.ar\/argentina\/wp-json\/wp\/v2\/comments?post=62007"}],"version-history":[{"count":0,"href":"http:\/\/argentinamunicipal.com.ar\/argentina\/wp-json\/wp\/v2\/posts\/62007\/revisions"}],"wp:featuredmedia":[{"embeddable":true,"href":"http:\/\/argentinamunicipal.com.ar\/argentina\/wp-json\/wp\/v2\/media\/62008"}],"wp:attachment":[{"href":"http:\/\/argentinamunicipal.com.ar\/argentina\/wp-json\/wp\/v2\/media?parent=62007"}],"wp:term":[{"taxonomy":"category","embeddable":true,"href":"http:\/\/argentinamunicipal.com.ar\/argentina\/wp-json\/wp\/v2\/categories?post=62007"},{"taxonomy":"post_tag","embeddable":true,"href":"http:\/\/argentinamunicipal.com.ar\/argentina\/wp-json\/wp\/v2\/tags?post=62007"}],"curies":[{"name":"wp","href":"https:\/\/api.w.org\/{rel}","templated":true}]}}