{"id":62017,"date":"2017-04-25T06:24:36","date_gmt":"2017-04-25T09:24:36","guid":{"rendered":"http:\/\/argentinamunicipal.com.ar\/argentina\/?p=62017"},"modified":"2017-04-25T06:24:36","modified_gmt":"2017-04-25T09:24:36","slug":"buenos-aires-se-presento-programa-gestion-publica-municipal","status":"publish","type":"post","link":"http:\/\/argentinamunicipal.com.ar\/argentina\/buenos-aires-se-presento-programa-gestion-publica-municipal\/","title":{"rendered":"Buenos Aires: Se present\u00f3 el Programa de Gesti\u00f3n P\u00fablica Municipal"},"content":{"rendered":"<p>Fue en el marco de un nuevo encuentro de la \u201cMesa de Di\u00e1logo-Conurbano Sur\u201d, que integran el gobierno provincial, los municipios y las universidades emplazadas en esa regi\u00f3n del Gran Buenos Aires.<\/p>\n<p>En el marco de un nuevo encuentro de la \u201cMesa de Di\u00e1logo-Conurbano Sur\u201d, que integran el gobierno provincial, los municipios y las universidades emplazadas en esa regi\u00f3n del Gran Buenos Aires, se lanz\u00f3, en Lomas de Zamora, el Programa de Gesti\u00f3n P\u00fablica Municipal.<\/p>\n<p>\u201cEl espacio propone brindar herramientas de capacitaci\u00f3n en tem\u00e1ticas vinculadas a la modernizaci\u00f3n administrativa y municipal\u201d, informaron los organizadores.<\/p>\n<p>El panel de expositores estuvo integrado por el director Provincial de Asuntos de Gobierno, Mario Helfeisten; el jefe de Gabinete del Ministerio de Producci\u00f3n bonaerense, Jos\u00e9 Richard; el subsecretario de Innovaci\u00f3n y Experiencia Ciudadana, Hern\u00e1n Lewin, y el coordinador de Formaci\u00f3n, Mario Katzenell, tambi\u00e9n funcionarios de la cartera dependiente de la administraci\u00f3n de Mar\u00eda Eugenia Vidal.<\/p>\n<p>Durante el encuentro, que tuvo como sede la Biblioteca Central de la Universidad Nacional de Lomas de Zamora, Helfeisten, luego de agradecer a los presentes, destac\u00f3 la importancia de \u201cconstruir una agenda com\u00fan que contribuya a la modernizaci\u00f3n administrativa, el planeamiento territorial, la capacitaci\u00f3n y otras tem\u00e1ticas que aporten al mejoramiento de la gesti\u00f3n municipal\u201d.<\/p>\n<h6>Fuente: InfoRegi\u00f3n<\/h6>\n","protected":false},"excerpt":{"rendered":"<p>Fue en el marco de un nuevo encuentro de la \u201cMesa de Di\u00e1logo-Conurbano Sur\u201d, que integran el gobierno provincial, los municipios y las universidades emplazadas en esa regi\u00f3n del Gran Buenos Aires.<\/p>\n","protected":false},"author":2,"featured_media":62018,"comment_status":"closed","ping_status":"closed","sticky":false,"template":"","format":"standard","meta":{"footnotes":""},"categories":[2],"tags":[12],"class_list":["post-62017","post","type-post","status-publish","format-standard","has-post-thumbnail","hentry","category-informe-municipal","tag-buenos-aires"],"_links":{"self":[{"href":"http:\/\/argentinamunicipal.com.ar\/argentina\/wp-json\/wp\/v2\/posts\/62017","targetHints":{"allow":["GET"]}}],"collection":[{"href":"http:\/\/argentinamunicipal.com.ar\/argentina\/wp-json\/wp\/v2\/posts"}],"about":[{"href":"http:\/\/argentinamunicipal.com.ar\/argentina\/wp-json\/wp\/v2\/types\/post"}],"author":[{"embeddable":true,"href":"http:\/\/argentinamunicipal.com.ar\/argentina\/wp-json\/wp\/v2\/users\/2"}],"replies":[{"embeddable":true,"href":"http:\/\/argentinamunicipal.com.ar\/argentina\/wp-json\/wp\/v2\/comments?post=62017"}],"version-history":[{"count":0,"href":"http:\/\/argentinamunicipal.com.ar\/argentina\/wp-json\/wp\/v2\/posts\/62017\/revisions"}],"wp:featuredmedia":[{"embeddable":true,"href":"http:\/\/argentinamunicipal.com.ar\/argentina\/wp-json\/wp\/v2\/media\/62018"}],"wp:attachment":[{"href":"http:\/\/argentinamunicipal.com.ar\/argentina\/wp-json\/wp\/v2\/media?parent=62017"}],"wp:term":[{"taxonomy":"category","embeddable":true,"href":"http:\/\/argentinamunicipal.com.ar\/argentina\/wp-json\/wp\/v2\/categories?post=62017"},{"taxonomy":"post_tag","embeddable":true,"href":"http:\/\/argentinamunicipal.com.ar\/argentina\/wp-json\/wp\/v2\/tags?post=62017"}],"curies":[{"name":"wp","href":"https:\/\/api.w.org\/{rel}","templated":true}]}}