{"id":62020,"date":"2017-04-25T06:28:50","date_gmt":"2017-04-25T09:28:50","guid":{"rendered":"http:\/\/argentinamunicipal.com.ar\/argentina\/?p=62020"},"modified":"2017-04-25T06:28:50","modified_gmt":"2017-04-25T09:28:50","slug":"baradero-llamas-los-despidos-antonijevic-no-todas-malas-noticias","status":"publish","type":"post","link":"http:\/\/argentinamunicipal.com.ar\/argentina\/baradero-llamas-los-despidos-antonijevic-no-todas-malas-noticias\/","title":{"rendered":"Baradero en llamas por los despidos: Para Antonijevic \u00abno todas son malas noticias\u00bb"},"content":{"rendered":"<p>El distrito atraviesa una grave crisis en el sector industrial. Al cierre de Atanor, se suman los despidos en Ingredion y las amenazas de recortes en Germaiz, Dontos y BRF. El Ministro de Gobierno provincial, Joaqu\u00edn De la Torre dijo que \u00abla situaci\u00f3n es preocupante\u00bb. En di\u00e1logo con\u00a0La Noticia 1, la Intendenta deslind\u00f3 de responsabilidades al Gobierno: \u00abLas empresas est\u00e1n tomando decisiones complicadas y no aceptan ayuda del Estado\u00bb. Adem\u00e1s destac\u00f3 que firmas como Granix y Maro \u00abest\u00e1n creciendo\u00bb.<\/p>\n<p>La Intendenta de Baradero, Fernanda Antonijevic, afronta una profunda crisis laboral en su distrito. Sucede que al menos tres grandes empresas que est\u00e1n\u00a0instaladas desde hace a\u00f1os en el municipio est\u00e1n reduciendo personal. Semanas atr\u00e1s hubo una marcha por las calles del partido para reclamar por los puestos laborales y la situaci\u00f3n es cada vez m\u00e1s complicada. En una entrevista exclusiva con La Noticia 1, la Jefa Comunal se refiri\u00f3 al grave conflicto y deslind\u00f3 responsabilidades del Gobierno nacional de Mauricio Macri, al tiempo que apunt\u00f3 directamente a una decisi\u00f3n de las compa\u00f1\u00edas.<\/p>\n<p>\u00abHace poco me encontr\u00e9 con el Ministro de Producci\u00f3n Cabrera en el Foro de Intendentes de Cambiemos en San Pedro, que fue oportuno por la situaci\u00f3n de conflicto con algunas empresas que estamos teniendo en Baradero\u00bb, comenz\u00f3 explicando la Intendenta de Cambiemos. \u00abLas malas noticias siempre corren m\u00e1s r\u00e1pido que las buenas, que en muchas ocasiones ni siquiera se cuentan. En Baradero tenemos empresas que est\u00e1n tomando decisiones que son muy complicadas para la ciudad pero tambi\u00e9n tenemos empresas que est\u00e1n creciendo a pasos agigantados\u00bb, coment\u00f3 ante nuestros micr\u00f3fonos.<\/p>\n<p>Al ser consultada por el conflicto en Atanor, la firma dedicada\u00a0a la elaboraci\u00f3n de productos para la protecci\u00f3n de cultivos que\u00a0cerr\u00f3\u00a0sus puertas y dej\u00f3 a 160 trabajadores despedidos,\u00a0Antonijevic consider\u00f3: \u00abLa empresa ven\u00eda arrastrando dificultades desde hace mucho tiempo\u00a0y sin alegar alguna cuesti\u00f3n por alguna medida del Gobierno nacional de Mauricio Macri, sino por una decisi\u00f3n empresarial, resolvi\u00f3 cerrar sus plantas en Baradero y Vicente L\u00f3pez\u00bb. En ese sentido, se\u00f1al\u00f3 que \u00abla compa\u00f1\u00eda decidi\u00f3\u00a0seguir invirtiendo en otras tres que posee en otras partes del pa\u00eds\u00bb.<\/p>\n<h6>Fuente: La Noticia 1.com<\/h6>\n","protected":false},"excerpt":{"rendered":"<p>El distrito atraviesa una grave crisis en el sector industrial. Al cierre de Atanor, se suman los despidos en Ingredion y las amenazas de recortes en Germaiz, Dontos y BRF. El Ministro de Gobierno provincial, Joaqu\u00edn De la Torre dijo que \u00abla situaci\u00f3n es preocupante\u00bb.<\/p>\n","protected":false},"author":2,"featured_media":62021,"comment_status":"closed","ping_status":"closed","sticky":false,"template":"","format":"standard","meta":{"footnotes":""},"categories":[5],"tags":[12],"class_list":["post-62020","post","type-post","status-publish","format-standard","has-post-thumbnail","hentry","category-informe-economico","tag-buenos-aires"],"_links":{"self":[{"href":"http:\/\/argentinamunicipal.com.ar\/argentina\/wp-json\/wp\/v2\/posts\/62020","targetHints":{"allow":["GET"]}}],"collection":[{"href":"http:\/\/argentinamunicipal.com.ar\/argentina\/wp-json\/wp\/v2\/posts"}],"about":[{"href":"http:\/\/argentinamunicipal.com.ar\/argentina\/wp-json\/wp\/v2\/types\/post"}],"author":[{"embeddable":true,"href":"http:\/\/argentinamunicipal.com.ar\/argentina\/wp-json\/wp\/v2\/users\/2"}],"replies":[{"embeddable":true,"href":"http:\/\/argentinamunicipal.com.ar\/argentina\/wp-json\/wp\/v2\/comments?post=62020"}],"version-history":[{"count":0,"href":"http:\/\/argentinamunicipal.com.ar\/argentina\/wp-json\/wp\/v2\/posts\/62020\/revisions"}],"wp:featuredmedia":[{"embeddable":true,"href":"http:\/\/argentinamunicipal.com.ar\/argentina\/wp-json\/wp\/v2\/media\/62021"}],"wp:attachment":[{"href":"http:\/\/argentinamunicipal.com.ar\/argentina\/wp-json\/wp\/v2\/media?parent=62020"}],"wp:term":[{"taxonomy":"category","embeddable":true,"href":"http:\/\/argentinamunicipal.com.ar\/argentina\/wp-json\/wp\/v2\/categories?post=62020"},{"taxonomy":"post_tag","embeddable":true,"href":"http:\/\/argentinamunicipal.com.ar\/argentina\/wp-json\/wp\/v2\/tags?post=62020"}],"curies":[{"name":"wp","href":"https:\/\/api.w.org\/{rel}","templated":true}]}}