{"id":62038,"date":"2017-04-25T06:56:00","date_gmt":"2017-04-25T09:56:00","guid":{"rendered":"http:\/\/argentinamunicipal.com.ar\/argentina\/?p=62038"},"modified":"2017-04-25T06:56:00","modified_gmt":"2017-04-25T09:56:00","slug":"consumo-no-logra-levantar-cabeza","status":"publish","type":"post","link":"http:\/\/argentinamunicipal.com.ar\/argentina\/consumo-no-logra-levantar-cabeza\/","title":{"rendered":"El consumo no logra levantar cabeza"},"content":{"rendered":"<p>\u201cEl menor dinamismo se encuentra vinculado al recrudecimiento de la inflaci\u00f3n, vinculada no s\u00f3lo a la suba de tarifas de servicios p\u00fablicos, sino tambi\u00e9n a Alimentos, Bebidas y otros bienes de consumo masivo\u201d, se\u00f1al\u00f3 la fundaci\u00f3n en su informe.<\/p>\n<p>El consumo cay\u00f3 en marzo 2,3 por ciento respecto del mismo per\u00edodo del a\u00f1o pasado, seg\u00fan el indicador mensual que elabora el Instituto de Trabajo y Econom\u00eda de la Fundaci\u00f3n Germ\u00e1n Abdala. Con esta ca\u00edda, ya suman quince de manera consecutiva. En el primer trimestre, el consumo baj\u00f3 un 1,6 por ciento anual, mientras que la medici\u00f3n sin estacionalidad no mostr\u00f3 variaciones. De esta forma, el consumo se estanc\u00f3 en el primer trimestre del a\u00f1o, luego del repunte intermensual de los \u00faltimos tres meses de 2016. \u201cEl menor dinamismo se encuentra vinculado al recrudecimiento de la inflaci\u00f3n, vinculada no s\u00f3lo a la suba de tarifas de servicios p\u00fablicos, sino tambi\u00e9n a Alimentos, Bebidas y otros bienes de consumo masivo\u201d, se\u00f1al\u00f3 el Instituto en su informe. Es el segundo relevamiento que muestra un retroceso en marzo ya que el mi\u00e9rcoles pasado la consultora Scentia hab\u00eda informado que el consumo en los supermercados cay\u00f3 5,6 por ciento, con fuerte peso de alimentos.<\/p>\n<p>Desde la devaluaci\u00f3n de diciembre de 2015, el indicador retrocede sistem\u00e1ticamente en la comparaci\u00f3n interanual. El a\u00f1o pasado, la fuerte suba de precios provoc\u00f3 una perdida significativa del poder adquisitivo lo que repercuti\u00f3 en el consumo, el cual a su vez se comparaba con un 2015 en el que la econom\u00eda creci\u00f3 2,5 por ciento impulsada centralmente por el consumo interno. Este a\u00f1o se esperaba al menos un leve repunte en t\u00e9rminos interanuales ya que la base de comparaci\u00f3n era significativamente m\u00e1s baja. Sin embargo, el traspi\u00e9 oficial con el programa Precios Transparente, que elimin\u00f3 moment\u00e1neamente las cuotas sin inter\u00e9s, y el repunte de la inflaci\u00f3n en los primeros meses del a\u00f1o contrajo a\u00fan m\u00e1s el gasto de las familias, lo que llev\u00f3 a que la comparaci\u00f3n interanual siga dando negativa, a\u00fan con 2016.<\/p>\n<p>La Fundaci\u00f3n Abdala destac\u00f3 en su informe, para demostrar la ca\u00edda del consumo, que en marzo las ventas minoristas que releva CAME cayeron 4,4 por ciento interanual y las ventas de autos nacionales bajaron 31,8 por ciento anual. A su vez, remarcaron que el cr\u00e9dito real en pesos al sector moder\u00f3 su ca\u00edda (5,9 por ciento anual), aunque perdi\u00f3 dinamismo en relaci\u00f3n al bimestre previo.<\/p>\n<p>El dato se suma al de la consultora Scentia que relev\u00f3 en marzo una ca\u00edda a\u00fan mayor, de 5,6 por ciento, igual porcentaje de merma que acumul\u00f3 el trimestre. Si se analiza la evoluci\u00f3n de las ventas en volumen por rubro, el que mostr\u00f3 la mayor ca\u00edda fue el de \u201calimentaci\u00f3n\u201d, que se contrajo 7,8%. Esta merma estuvo explicada, en parte, porque Semana Santa el a\u00f1o pasado cay\u00f3 en marzo y este a\u00f1o, en abril. El segundo lugar lo ocup\u00f3 el rubro de \u201cperecederos y fr\u00edo\u201d, que se contrajo 6,7 por ciento; seguido de \u201climpieza de ropa y hogar\u201d, que obtuvo 6,4 por ciento menos de ventas. A su vez, los productos de \u201cdesayuno y merienda\u201d cayeron 5,5 por ciento y los de \u201chigiene y cosm\u00e9tica\u201d y las \u201cbebidas sin alcohol\u201d, 4,8 por ciento. Las bebidas con alcohol son las que mostraron la mejor performance en marzo, con una ca\u00edda de apenas 1 por ciento respecto del mismo mes del a\u00f1o pasado. En t\u00e9rminos acumulados, las mayores bajas del trimestre son las de los productos de limpieza y hogar (-7 por ciento), seguida por los perecederos y fr\u00edo (-6,9 por ciento).<\/p>\n<h6>Fuente: P\u00e1gina 12<\/h6>\n","protected":false},"excerpt":{"rendered":"<p>\u201cEl menor dinamismo se encuentra vinculado al recrudecimiento de la inflaci\u00f3n, vinculada no s\u00f3lo a la suba de tarifas de servicios p\u00fablicos, sino tambi\u00e9n a Alimentos, Bebidas y otros bienes de consumo masivo\u201d, se\u00f1al\u00f3 la fundaci\u00f3n en su informe.<\/p>\n","protected":false},"author":2,"featured_media":62039,"comment_status":"closed","ping_status":"closed","sticky":false,"template":"","format":"standard","meta":{"footnotes":""},"categories":[8],"tags":[21],"class_list":["post-62038","post","type-post","status-publish","format-standard","has-post-thumbnail","hentry","category-informe-nacional","tag-argentina"],"_links":{"self":[{"href":"http:\/\/argentinamunicipal.com.ar\/argentina\/wp-json\/wp\/v2\/posts\/62038","targetHints":{"allow":["GET"]}}],"collection":[{"href":"http:\/\/argentinamunicipal.com.ar\/argentina\/wp-json\/wp\/v2\/posts"}],"about":[{"href":"http:\/\/argentinamunicipal.com.ar\/argentina\/wp-json\/wp\/v2\/types\/post"}],"author":[{"embeddable":true,"href":"http:\/\/argentinamunicipal.com.ar\/argentina\/wp-json\/wp\/v2\/users\/2"}],"replies":[{"embeddable":true,"href":"http:\/\/argentinamunicipal.com.ar\/argentina\/wp-json\/wp\/v2\/comments?post=62038"}],"version-history":[{"count":0,"href":"http:\/\/argentinamunicipal.com.ar\/argentina\/wp-json\/wp\/v2\/posts\/62038\/revisions"}],"wp:featuredmedia":[{"embeddable":true,"href":"http:\/\/argentinamunicipal.com.ar\/argentina\/wp-json\/wp\/v2\/media\/62039"}],"wp:attachment":[{"href":"http:\/\/argentinamunicipal.com.ar\/argentina\/wp-json\/wp\/v2\/media?parent=62038"}],"wp:term":[{"taxonomy":"category","embeddable":true,"href":"http:\/\/argentinamunicipal.com.ar\/argentina\/wp-json\/wp\/v2\/categories?post=62038"},{"taxonomy":"post_tag","embeddable":true,"href":"http:\/\/argentinamunicipal.com.ar\/argentina\/wp-json\/wp\/v2\/tags?post=62038"}],"curies":[{"name":"wp","href":"https:\/\/api.w.org\/{rel}","templated":true}]}}