{"id":62047,"date":"2017-04-25T06:09:04","date_gmt":"2017-04-25T09:09:04","guid":{"rendered":"http:\/\/argentinamunicipal.com.ar\/argentina\/?p=62047"},"modified":"2017-04-25T07:11:15","modified_gmt":"2017-04-25T10:11:15","slug":"abuelas-plaza-mayo-restituyo-la-identidad-del-nieto-numero-122","status":"publish","type":"post","link":"http:\/\/argentinamunicipal.com.ar\/argentina\/abuelas-plaza-mayo-restituyo-la-identidad-del-nieto-numero-122\/","title":{"rendered":"Abuelas de Plaza Mayo restituy\u00f3 la identidad del nieto n\u00famero 122"},"content":{"rendered":"<p>Tiene 39 a\u00f1os y es hijo de Iris Garc\u00eda Soler y Enrique Bustamante, militantes montoneros secuestrados en 1977 en la Escuela de Mec\u00e1nica<\/p>\n<p>La Asociaci\u00f3n Abuelas de Plaza de Mayo restituy\u00f3 la identidad del nieto n\u00famero 122, nacido durante el cautiverio de sus padres en la \u00faltima dictadura c\u00edvico militar, anunci\u00f3 ayer oficialmente la organizaci\u00f3n.<\/p>\n<p>\u00abConfirmamos la restituci\u00f3n del #nieto122\u00bb, expres\u00f3 Abuelas en su cuenta de Twitter. All\u00ed mencion\u00f3 que ma\u00f1ana dar\u00e1 a conocer los detalles del caso en una conferencia de prensa.<\/p>\n<p>El diario P\u00e1gina 12 public\u00f3 ayer la noticia de la restituci\u00f3n a partir del testimonio que en las redes sociales difundi\u00f3 una de sus t\u00edas.<\/p>\n<p>\u00abQuiero compartir esta emoci\u00f3n e indescriptible alegr\u00eda que acabo de vivir al conocer la noticia que ha sido encontrado mi sobrino apropiado\u00bb, escribi\u00f3 Alicia, prima hermana de Iris Garc\u00eda Soler, secuestrada junto a su pareja, Enrique Bustamante, en 1977.<\/p>\n<p>La presidenta de esa organizaci\u00f3n de derechos humanos, Estela de Carlotto, a\u00fan no ha dado declaraciones pero se espera que entre hoy y ma\u00f1ana se haga oficial y se brinde detalles, rese\u00f1\u00f3 el portal Minuto Uno una fuente cercana a las Abuelas.<\/p>\n<p>El nieto 122, que tiene 39 a\u00f1os, naci\u00f3 en la ex Esma (Escuela de Mec\u00e1nica de la Armada), el mayor centro de tortura y desaparici\u00f3n durante la sangrienta dictadura c\u00edvico militar (1976-1983).<\/p>\n<p>Es hijo de los militantes de Montoneros Iris N\u00e9lida Garc\u00eda Soler y Enrique Bustamante, secuestrados en 1977 por personal de la Polic\u00eda Federal en la pensi\u00f3n en la que viv\u00edan, en la ciudad de Buenos Aires, a\u00f1adieron medios de prensa locales.La joven, embarazada de tres meses, y su pareja fueron vistos en el centro clandestino de detenci\u00f3n Club Atl\u00e9tico. Durante el cautiverio la muchacha fue llevada a la ex Esma para dar a luz al ni\u00f1o, uno de los 400 apropiados durante la \u00faltima dictadura c\u00edvico militar y buscados por Abuelas de Plaza de Mayo hasta hace algunos d\u00edas. Iris Garc\u00eda Soler estaba embarazada de tres meses cuando fue raptada y dio a luz a un beb\u00e9 en julio de 1977.La pareja fue asesinada y sus cuerpos permanecen desaparecidos.<\/p>\n<p>En octubre del pasado a\u00f1o las Abuelas recuperaron la verdadera identidad del nieto 121, Maximiliano Menna Lanzilotto, un m\u00e9dico de 40 a\u00f1os, quien es el hijo menor de Ana Mar\u00eda Lanzilotto y Domingo Menna, ambos desaparecidos durante la dictadura.<\/p>\n<p><strong>J\u00fabilo en las redes<\/strong><\/p>\n<p>El j\u00fabilo se siente en las redes sociales. \u00abBienvenido nieto 122. Alegres y emocionados porque has recuperado tu identidad y has empezado a conocer a tus padres y su lucha\u00bb, escribi\u00f3 en Twitter la diputada Graciela Cousinete, en tanto otro usuario identificado como Maby apunt\u00f3: \u00abLa incansable lucha de las Abuelas ha logrado recuperar al nieto 122. Bienvenido. Memoria, Verdad, Justicia\u00bb.<\/p>\n<p>La dictadura c\u00edvico militar liderada por Jorge Rafael Videla, que el 24 de marzo de 1976 derroc\u00f3 a la presidenta Mar\u00eda Estela Mart\u00ednez de Per\u00f3n, dej\u00f3 un saldo de 30 mil desaparecidos, seg\u00fan estimaciones de los organismos de derechos humanos. Centenares de beb\u00e9s fueron secuestrados con sus padres o nacieron durante el cautiverio de sus madres embarazadas y luego robados y entregados a familias adoptantes, que los anotaron con una falsa identidad.<\/p>\n<h6>Fuente: La Capital Rosario<\/h6>\n","protected":false},"excerpt":{"rendered":"<p>Tiene 39 a\u00f1os y es hijo de Iris Garc\u00eda Soler y Enrique Bustamante, militantes montoneros secuestrados en 1977 en la Escuela de Mec\u00e1nica<\/p>\n","protected":false},"author":2,"featured_media":62048,"comment_status":"closed","ping_status":"closed","sticky":false,"template":"","format":"standard","meta":{"footnotes":""},"categories":[8],"tags":[21],"class_list":["post-62047","post","type-post","status-publish","format-standard","has-post-thumbnail","hentry","category-informe-nacional","tag-argentina"],"_links":{"self":[{"href":"http:\/\/argentinamunicipal.com.ar\/argentina\/wp-json\/wp\/v2\/posts\/62047","targetHints":{"allow":["GET"]}}],"collection":[{"href":"http:\/\/argentinamunicipal.com.ar\/argentina\/wp-json\/wp\/v2\/posts"}],"about":[{"href":"http:\/\/argentinamunicipal.com.ar\/argentina\/wp-json\/wp\/v2\/types\/post"}],"author":[{"embeddable":true,"href":"http:\/\/argentinamunicipal.com.ar\/argentina\/wp-json\/wp\/v2\/users\/2"}],"replies":[{"embeddable":true,"href":"http:\/\/argentinamunicipal.com.ar\/argentina\/wp-json\/wp\/v2\/comments?post=62047"}],"version-history":[{"count":0,"href":"http:\/\/argentinamunicipal.com.ar\/argentina\/wp-json\/wp\/v2\/posts\/62047\/revisions"}],"wp:featuredmedia":[{"embeddable":true,"href":"http:\/\/argentinamunicipal.com.ar\/argentina\/wp-json\/wp\/v2\/media\/62048"}],"wp:attachment":[{"href":"http:\/\/argentinamunicipal.com.ar\/argentina\/wp-json\/wp\/v2\/media?parent=62047"}],"wp:term":[{"taxonomy":"category","embeddable":true,"href":"http:\/\/argentinamunicipal.com.ar\/argentina\/wp-json\/wp\/v2\/categories?post=62047"},{"taxonomy":"post_tag","embeddable":true,"href":"http:\/\/argentinamunicipal.com.ar\/argentina\/wp-json\/wp\/v2\/tags?post=62047"}],"curies":[{"name":"wp","href":"https:\/\/api.w.org\/{rel}","templated":true}]}}