{"id":62050,"date":"2017-04-25T07:16:10","date_gmt":"2017-04-25T10:16:10","guid":{"rendered":"http:\/\/argentinamunicipal.com.ar\/argentina\/?p=62050"},"modified":"2017-04-25T07:16:10","modified_gmt":"2017-04-25T10:16:10","slug":"cordoba-los-empleados-municipales-haran-una-mega-asamblea","status":"publish","type":"post","link":"http:\/\/argentinamunicipal.com.ar\/argentina\/cordoba-los-empleados-municipales-haran-una-mega-asamblea\/","title":{"rendered":"C\u00f3rdoba: los empleados municipales har\u00e1n una mega asamblea"},"content":{"rendered":"<p>Representantes del Suoem convocaron, a partir de las 11, a los empleados frente al Palacio Municipal. Se espera que la actividad sea casi nula desde temprano.<\/p>\n<p>La Municipalidad de C\u00f3rdoba tendr\u00e1 un martes complicado. Es que, desde las 11, se realizar\u00e1 una asamblea del gremio Suoem frente al edificio central a la que est\u00e1n convocados todos los empleados.<\/p>\n<p>Por ello, la actividad en todas las dependencias municipales se ver\u00e1 resentida y se espera que la atenci\u00f3n sea nula desde temprano.<\/p>\n<p>El Suoem reclama un aumento salarial del 15 por ciento para el primer semestre, de enero al 30 de junio mientras que el Ejecutivo municipal ofrece un 13 por ciento para ese semestre.<\/p>\n<p>Este lunes, y por tercer d\u00eda desde la semana pasada, la atenci\u00f3n estuvo resentida en la Municipalidad por las asambleas de dos horas por turno dispuestas por el Suoem en todas las reparticiones para presionar por la paritaria.<\/p>\n<p><strong>Cita<\/strong><\/p>\n<p>Para el martes, el gremio convoc\u00f3 a una asamblea general en la explanada de la Municipalidad de C\u00f3rdoba que ser\u00e1 presidida por el titular del Suoem, Rub\u00e9n Daniele, para analizar la marcha de las negociaciones con el Palacio 6 de Julio.<\/p>\n<p>Hay un sector interno (lista Fucsia) que promueve una paritaria anual y no semestral como plantea Daniele, con una suba del 35 por ciento.<\/p>\n<h6>Fuente: La Voz<\/h6>\n","protected":false},"excerpt":{"rendered":"<p>Representantes del Suoem convocaron, a partir de las 11, a los empleados frente al Palacio Municipal. Se espera que la actividad sea casi nula desde temprano.<\/p>\n","protected":false},"author":2,"featured_media":62051,"comment_status":"closed","ping_status":"closed","sticky":false,"template":"","format":"standard","meta":{"footnotes":""},"categories":[7],"tags":[3],"class_list":["post-62050","post","type-post","status-publish","format-standard","has-post-thumbnail","hentry","category-informe-sindical","tag-cordoba"],"_links":{"self":[{"href":"http:\/\/argentinamunicipal.com.ar\/argentina\/wp-json\/wp\/v2\/posts\/62050","targetHints":{"allow":["GET"]}}],"collection":[{"href":"http:\/\/argentinamunicipal.com.ar\/argentina\/wp-json\/wp\/v2\/posts"}],"about":[{"href":"http:\/\/argentinamunicipal.com.ar\/argentina\/wp-json\/wp\/v2\/types\/post"}],"author":[{"embeddable":true,"href":"http:\/\/argentinamunicipal.com.ar\/argentina\/wp-json\/wp\/v2\/users\/2"}],"replies":[{"embeddable":true,"href":"http:\/\/argentinamunicipal.com.ar\/argentina\/wp-json\/wp\/v2\/comments?post=62050"}],"version-history":[{"count":0,"href":"http:\/\/argentinamunicipal.com.ar\/argentina\/wp-json\/wp\/v2\/posts\/62050\/revisions"}],"wp:featuredmedia":[{"embeddable":true,"href":"http:\/\/argentinamunicipal.com.ar\/argentina\/wp-json\/wp\/v2\/media\/62051"}],"wp:attachment":[{"href":"http:\/\/argentinamunicipal.com.ar\/argentina\/wp-json\/wp\/v2\/media?parent=62050"}],"wp:term":[{"taxonomy":"category","embeddable":true,"href":"http:\/\/argentinamunicipal.com.ar\/argentina\/wp-json\/wp\/v2\/categories?post=62050"},{"taxonomy":"post_tag","embeddable":true,"href":"http:\/\/argentinamunicipal.com.ar\/argentina\/wp-json\/wp\/v2\/tags?post=62050"}],"curies":[{"name":"wp","href":"https:\/\/api.w.org\/{rel}","templated":true}]}}