{"id":62086,"date":"2017-04-25T08:23:54","date_gmt":"2017-04-25T11:23:54","guid":{"rendered":"http:\/\/argentinamunicipal.com.ar\/argentina\/?p=62086"},"modified":"2017-04-25T08:23:54","modified_gmt":"2017-04-25T11:23:54","slug":"los-mapuches-se-oponen-cambios-codigo-tierras","status":"publish","type":"post","link":"http:\/\/argentinamunicipal.com.ar\/argentina\/los-mapuches-se-oponen-cambios-codigo-tierras\/","title":{"rendered":"Los mapuches se oponen a cambios en el C\u00f3digo de Tierras"},"content":{"rendered":"<p>Las comunidades mapuches de R\u00edo Negro concluyeron ayer en Viedma una movilizaci\u00f3n iniciada el viernes en Bariloche, con m\u00e1s de 800 kil\u00f3metros de recorrido, en rechazo al proyecto del nuevo C\u00f3digo de Tierras Fiscales rionegrinas, propuesto por el gobernador Alberto Weretilneck.<\/p>\n<p>Seg\u00fan las comunidades, \u201cse propone un uso del territorio desarrollista y mercantilista sin una discusi\u00f3n participativa, contra la funci\u00f3n social de la tierra, presente en la Constituci\u00f3n de R\u00edo Negro\u201d.<\/p>\n<p>Y adem\u00e1s de afectar a los ocupantes sin t\u00edtulo, \u201carrasa con la idiosincrasia del pueblo, con los valores sociales y culturales de los campesinos y los pueblos ancestrales\u201d.<\/p>\n<h6>Fuente: La gaceta<\/h6>\n","protected":false},"excerpt":{"rendered":"<p>Las comunidades mapuches de R\u00edo Negro concluyeron ayer en Viedma una movilizaci\u00f3n iniciada el viernes en Bariloche, con m\u00e1s de 800 kil\u00f3metros de recorrido, en rechazo al proyecto del nuevo C\u00f3digo de Tierras Fiscales rionegrinas<\/p>\n","protected":false},"author":2,"featured_media":62087,"comment_status":"closed","ping_status":"closed","sticky":false,"template":"","format":"standard","meta":{"footnotes":""},"categories":[65],"tags":[33],"class_list":["post-62086","post","type-post","status-publish","format-standard","has-post-thumbnail","hentry","category-provincias","tag-tucuman"],"_links":{"self":[{"href":"http:\/\/argentinamunicipal.com.ar\/argentina\/wp-json\/wp\/v2\/posts\/62086","targetHints":{"allow":["GET"]}}],"collection":[{"href":"http:\/\/argentinamunicipal.com.ar\/argentina\/wp-json\/wp\/v2\/posts"}],"about":[{"href":"http:\/\/argentinamunicipal.com.ar\/argentina\/wp-json\/wp\/v2\/types\/post"}],"author":[{"embeddable":true,"href":"http:\/\/argentinamunicipal.com.ar\/argentina\/wp-json\/wp\/v2\/users\/2"}],"replies":[{"embeddable":true,"href":"http:\/\/argentinamunicipal.com.ar\/argentina\/wp-json\/wp\/v2\/comments?post=62086"}],"version-history":[{"count":0,"href":"http:\/\/argentinamunicipal.com.ar\/argentina\/wp-json\/wp\/v2\/posts\/62086\/revisions"}],"wp:featuredmedia":[{"embeddable":true,"href":"http:\/\/argentinamunicipal.com.ar\/argentina\/wp-json\/wp\/v2\/media\/62087"}],"wp:attachment":[{"href":"http:\/\/argentinamunicipal.com.ar\/argentina\/wp-json\/wp\/v2\/media?parent=62086"}],"wp:term":[{"taxonomy":"category","embeddable":true,"href":"http:\/\/argentinamunicipal.com.ar\/argentina\/wp-json\/wp\/v2\/categories?post=62086"},{"taxonomy":"post_tag","embeddable":true,"href":"http:\/\/argentinamunicipal.com.ar\/argentina\/wp-json\/wp\/v2\/tags?post=62086"}],"curies":[{"name":"wp","href":"https:\/\/api.w.org\/{rel}","templated":true}]}}