{"id":62089,"date":"2017-04-25T06:24:43","date_gmt":"2017-04-25T09:24:43","guid":{"rendered":"http:\/\/argentinamunicipal.com.ar\/argentina\/?p=62089"},"modified":"2017-04-25T08:28:31","modified_gmt":"2017-04-25T11:28:31","slug":"avanza-proyecto-la-ruta-los-artesanos-chilecito","status":"publish","type":"post","link":"http:\/\/argentinamunicipal.com.ar\/argentina\/avanza-proyecto-la-ruta-los-artesanos-chilecito\/","title":{"rendered":"Avanza el proyecto de la \u201cRuta de los Artesanos\u201d en Chilecito"},"content":{"rendered":"<p>El proyecto se inici\u00f3 hace dos a\u00f1os y lo integran unos 100 artesanos de todo el departamento Chilecito. Actualmente trabajan en la confecci\u00f3n de un logo identificatorio.<\/p>\n<p>Un grupo de artesanos de Chilecito se reunieron en la cantina de la sede centro de la Universidad Nacional de Chilecito para definir un logo que identificar\u00e1 el circuito tur\u00edstico \u201cRuta de los Artesanos\u201d.<br \/>\nAl respecto, la directora de este proyecto de extensi\u00f3n, Lic. Karina Brizuela Idoria, nos cuenta que esta idea \u201cnaci\u00f3 hace dos a\u00f1os y se denomina Ruta de los artesanos. El turista que nos visite, podr\u00e1 hacer este circuito en veh\u00edculo particular y el recorrido integra artesanos de Chilecito y de los 14 distritos de la ciudad\u201d.<br \/>\n\u201cCada artesano pertenece a diferentes rubros como la alfarer\u00eda, la carpinter\u00eda, el tejido, la herrer\u00eda, entre otros. La idea es que ellos puedan recibir en sus talleres particulares a los turistas, siendo estos su punto de venta. Tambi\u00e9n en este circuito se da promoci\u00f3n a la carpa de artesanos que se encuentra en la Plaza Caudillos Federales, donde existe un calendario anual definido con las fechas en que se montar\u00e1 la feria\u201d explic\u00f3 la coordinadora de este grupo de artesanos.<\/p>\n<p><strong>Un proyecto a futuro<\/strong><br \/>\nAsimismo se explic\u00f3 que la primera instancia de este proyecto, consisti\u00f3 en realizar un relevamiento de los artesanos, para saber de que manera se encontraban distribuidos en los distritos y se obtuvo un total de 100, que participan de esta ruta. En segunda instancia se realizaron talleres informativos con la finalidad de que colaboraran con informaci\u00f3n personal y de sus actividades para poder avanzar en el trazado del circuito. En este momento, el circuito est\u00e1 definido, por lo cual el proyecto se encuentra en la etapa de difusi\u00f3n del mismo, dise\u00f1ando un folleto de manera grupal, que se va a distribuir en instituciones p\u00fablicas y privadas.<br \/>\nPor este motivo \u201cnos visit\u00f3 el Prof. Guido Ru\u00edz, quien es un conocedor e investigador de las culturas originarias que corresponden a la cultura diaguita, mostrando 12 dise\u00f1os, fundamentando cada uno, para que se pueda definir en funci\u00f3n del significado que tienen.<\/p>\n<h6>Fuente: Nueva Rioja<\/h6>\n","protected":false},"excerpt":{"rendered":"<p>El proyecto se inici\u00f3 hace dos a\u00f1os y lo integran unos 100 artesanos de todo el departamento Chilecito. Actualmente trabajan en la confecci\u00f3n de un logo identificatorio.<\/p>\n","protected":false},"author":2,"featured_media":62090,"comment_status":"closed","ping_status":"closed","sticky":false,"template":"","format":"standard","meta":{"footnotes":""},"categories":[2],"tags":[26],"class_list":["post-62089","post","type-post","status-publish","format-standard","has-post-thumbnail","hentry","category-informe-municipal","tag-la-rioja"],"_links":{"self":[{"href":"http:\/\/argentinamunicipal.com.ar\/argentina\/wp-json\/wp\/v2\/posts\/62089","targetHints":{"allow":["GET"]}}],"collection":[{"href":"http:\/\/argentinamunicipal.com.ar\/argentina\/wp-json\/wp\/v2\/posts"}],"about":[{"href":"http:\/\/argentinamunicipal.com.ar\/argentina\/wp-json\/wp\/v2\/types\/post"}],"author":[{"embeddable":true,"href":"http:\/\/argentinamunicipal.com.ar\/argentina\/wp-json\/wp\/v2\/users\/2"}],"replies":[{"embeddable":true,"href":"http:\/\/argentinamunicipal.com.ar\/argentina\/wp-json\/wp\/v2\/comments?post=62089"}],"version-history":[{"count":0,"href":"http:\/\/argentinamunicipal.com.ar\/argentina\/wp-json\/wp\/v2\/posts\/62089\/revisions"}],"wp:featuredmedia":[{"embeddable":true,"href":"http:\/\/argentinamunicipal.com.ar\/argentina\/wp-json\/wp\/v2\/media\/62090"}],"wp:attachment":[{"href":"http:\/\/argentinamunicipal.com.ar\/argentina\/wp-json\/wp\/v2\/media?parent=62089"}],"wp:term":[{"taxonomy":"category","embeddable":true,"href":"http:\/\/argentinamunicipal.com.ar\/argentina\/wp-json\/wp\/v2\/categories?post=62089"},{"taxonomy":"post_tag","embeddable":true,"href":"http:\/\/argentinamunicipal.com.ar\/argentina\/wp-json\/wp\/v2\/tags?post=62089"}],"curies":[{"name":"wp","href":"https:\/\/api.w.org\/{rel}","templated":true}]}}