{"id":62092,"date":"2017-04-25T08:33:41","date_gmt":"2017-04-25T11:33:41","guid":{"rendered":"http:\/\/argentinamunicipal.com.ar\/argentina\/?p=62092"},"modified":"2017-04-25T08:33:41","modified_gmt":"2017-04-25T11:33:41","slug":"xvi-congreso-historia-los-pueblos-la-provincia-buenos-aires-27-28-abril","status":"publish","type":"post","link":"http:\/\/argentinamunicipal.com.ar\/argentina\/xvi-congreso-historia-los-pueblos-la-provincia-buenos-aires-27-28-abril\/","title":{"rendered":"XVI Congreso de Historia de los Pueblos de la Provincia de Buenos Aires, 27 y 28 de abril"},"content":{"rendered":"<p>El Archivo Hist\u00f3rico de la Provincia de Buenos Aires ha dado a conocer la fecha en que se realizar\u00e1 el Decimosexto Congreso de Historia de los Pueblos de la Provincia de Buenos Aires. El mismo tendr\u00e1 lugar los d\u00edas 27 y 28 de abril de 2017 en la ciudad de Dolores.<\/p>\n<p>QM Noticias habl\u00f3 con Guillermo Ru\u00edz, Director del archivo hist\u00f3rico provincial, y cont\u00f3 sobre los objetivos de este Congreso:\u00bbRe\u00fane historiadores locales y profesionales, siempre buscando investigaciones que tengan que ver con la provincia de buenos aires, con las localidades, los diferentes pueblos.\u201d<\/p>\n<p>\u201cBuscamos\u00a0construir o reconstruir la identidad bonaerense. A partir de la guarda, pero tambi\u00e9n de la construcci\u00f3n del conocimiento, es ayudar a la construcci\u00f3n de la identidad bonaerense.\u201d<\/p>\n<p>Tambi\u00e9n cont\u00f3 que este Congreso trata de mostrar desde la historia local m\u00e1s peque\u00f1a, que puede ser de alg\u00fan personaje particular del lugar, hasta la historia macro de la Provincia.<\/p>\n<p>El XVI Congreso de Historia de los Pueblos de la Provincia de Buenos Aires se llevar\u00e1 a cabo, el 27 y 28 de abril, en los edificios de la Municipalidad (Castelli y San Mart\u00edn) y la Secretar\u00eda de Cultura (Mitre y 25 de Mayo) de la ciudad de Dolores.<\/p>\n<h6>Fuente: InfoCielo<\/h6>\n","protected":false},"excerpt":{"rendered":"<p>El Archivo Hist\u00f3rico de la Provincia de Buenos Aires ha dado a conocer la fecha en que se realizar\u00e1 el Decimosexto Congreso de Historia de los Pueblos de la Provincia de Buenos Aires. El mismo tendr\u00e1 lugar los d\u00edas 27 y 28 de abril de 2017 en la ciudad de Dolores.<\/p>\n","protected":false},"author":2,"featured_media":62093,"comment_status":"closed","ping_status":"closed","sticky":false,"template":"","format":"standard","meta":{"footnotes":""},"categories":[47],"tags":[12],"class_list":["post-62092","post","type-post","status-publish","format-standard","has-post-thumbnail","hentry","category-fiestas","tag-buenos-aires"],"_links":{"self":[{"href":"http:\/\/argentinamunicipal.com.ar\/argentina\/wp-json\/wp\/v2\/posts\/62092","targetHints":{"allow":["GET"]}}],"collection":[{"href":"http:\/\/argentinamunicipal.com.ar\/argentina\/wp-json\/wp\/v2\/posts"}],"about":[{"href":"http:\/\/argentinamunicipal.com.ar\/argentina\/wp-json\/wp\/v2\/types\/post"}],"author":[{"embeddable":true,"href":"http:\/\/argentinamunicipal.com.ar\/argentina\/wp-json\/wp\/v2\/users\/2"}],"replies":[{"embeddable":true,"href":"http:\/\/argentinamunicipal.com.ar\/argentina\/wp-json\/wp\/v2\/comments?post=62092"}],"version-history":[{"count":0,"href":"http:\/\/argentinamunicipal.com.ar\/argentina\/wp-json\/wp\/v2\/posts\/62092\/revisions"}],"wp:featuredmedia":[{"embeddable":true,"href":"http:\/\/argentinamunicipal.com.ar\/argentina\/wp-json\/wp\/v2\/media\/62093"}],"wp:attachment":[{"href":"http:\/\/argentinamunicipal.com.ar\/argentina\/wp-json\/wp\/v2\/media?parent=62092"}],"wp:term":[{"taxonomy":"category","embeddable":true,"href":"http:\/\/argentinamunicipal.com.ar\/argentina\/wp-json\/wp\/v2\/categories?post=62092"},{"taxonomy":"post_tag","embeddable":true,"href":"http:\/\/argentinamunicipal.com.ar\/argentina\/wp-json\/wp\/v2\/tags?post=62092"}],"curies":[{"name":"wp","href":"https:\/\/api.w.org\/{rel}","templated":true}]}}