{"id":62095,"date":"2017-04-25T06:37:31","date_gmt":"2017-04-25T09:37:31","guid":{"rendered":"http:\/\/argentinamunicipal.com.ar\/argentina\/?p=62095"},"modified":"2017-04-25T08:39:18","modified_gmt":"2017-04-25T11:39:18","slug":"presentan-la-remodelacion-plaza-25-mayo-santa-fe","status":"publish","type":"post","link":"http:\/\/argentinamunicipal.com.ar\/argentina\/presentan-la-remodelacion-plaza-25-mayo-santa-fe\/","title":{"rendered":"Presentan la remodelaci\u00f3n de Plaza 25 de Mayo de Santa Fe"},"content":{"rendered":"<p>La iniciativa ser\u00e1 presentada este martes al mediod\u00eda por el Intendente y el Gobernador. La puesta en valor de este espacio p\u00fablico emblem\u00e1tico demandar\u00e1 una inversi\u00f3n de $ 56 millones.<\/p>\n<p>En el marco de las acciones incluidas en el Acuerdo Capital, el intendente Jos\u00e9 Corral y el gobernador Miguel Lifschitz presentar\u00e1n este martes el plan de recuperaci\u00f3n y puesta en valor de la Plaza 25 de Mayo. El proyecto ejecutivo de la obra, que fue elaborado por la Secretar\u00eda de Planeamiento Urbano del Gobierno de la Ciudad, contempla adem\u00e1s la intervenci\u00f3n integral del casco hist\u00f3rico. La iniciativa cuenta con un presupuesto oficial de $56.237.789,98 -que ser\u00e1n financiados por el Gobierno provincial- y un plazo de ejecuci\u00f3n de seis meses.<\/p>\n<p>Al respecto, el Intendente valor\u00f3 que \u00abla Plaza 25 de Mayo es epicentro del casco hist\u00f3rico de Santa Fe, lugar fundacional de nuestra ciudad y el escenario urbano de representaci\u00f3n ciudadana m\u00e1s significativo\u00bb. En esta l\u00ednea, anticip\u00f3 que \u00abla obra, que se planific\u00f3 desde el Municipio, se propone como contempor\u00e1nea y fue dise\u00f1ada con el objetivo \u00a0de mejorar la calidad ambiental, dar prioridad al peat\u00f3n y de devolverle la jerarqu\u00eda de Plaza Principal, patrimonio de los santafesinos\u00bb.<\/p>\n<p>La actividad se concretar\u00e1 este martes a las 12 en el Sal\u00f3n Blanco de Casa de Gobierno, espacio ubicado en calle 3 de Febrero 2649.<\/p>\n<h6>Fuente: Sin Mordaza<\/h6>\n","protected":false},"excerpt":{"rendered":"<p>La iniciativa ser\u00e1 presentada este martes al mediod\u00eda por el Intendente y el Gobernador. La puesta en valor de este espacio p\u00fablico emblem\u00e1tico demandar\u00e1 una inversi\u00f3n de $ 56 millones.<\/p>\n","protected":false},"author":2,"featured_media":62096,"comment_status":"closed","ping_status":"closed","sticky":false,"template":"","format":"standard","meta":{"footnotes":""},"categories":[2],"tags":[10],"class_list":["post-62095","post","type-post","status-publish","format-standard","has-post-thumbnail","hentry","category-informe-municipal","tag-santa-fe"],"_links":{"self":[{"href":"http:\/\/argentinamunicipal.com.ar\/argentina\/wp-json\/wp\/v2\/posts\/62095","targetHints":{"allow":["GET"]}}],"collection":[{"href":"http:\/\/argentinamunicipal.com.ar\/argentina\/wp-json\/wp\/v2\/posts"}],"about":[{"href":"http:\/\/argentinamunicipal.com.ar\/argentina\/wp-json\/wp\/v2\/types\/post"}],"author":[{"embeddable":true,"href":"http:\/\/argentinamunicipal.com.ar\/argentina\/wp-json\/wp\/v2\/users\/2"}],"replies":[{"embeddable":true,"href":"http:\/\/argentinamunicipal.com.ar\/argentina\/wp-json\/wp\/v2\/comments?post=62095"}],"version-history":[{"count":0,"href":"http:\/\/argentinamunicipal.com.ar\/argentina\/wp-json\/wp\/v2\/posts\/62095\/revisions"}],"wp:featuredmedia":[{"embeddable":true,"href":"http:\/\/argentinamunicipal.com.ar\/argentina\/wp-json\/wp\/v2\/media\/62096"}],"wp:attachment":[{"href":"http:\/\/argentinamunicipal.com.ar\/argentina\/wp-json\/wp\/v2\/media?parent=62095"}],"wp:term":[{"taxonomy":"category","embeddable":true,"href":"http:\/\/argentinamunicipal.com.ar\/argentina\/wp-json\/wp\/v2\/categories?post=62095"},{"taxonomy":"post_tag","embeddable":true,"href":"http:\/\/argentinamunicipal.com.ar\/argentina\/wp-json\/wp\/v2\/tags?post=62095"}],"curies":[{"name":"wp","href":"https:\/\/api.w.org\/{rel}","templated":true}]}}