{"id":62104,"date":"2017-04-26T07:01:15","date_gmt":"2017-04-26T10:01:15","guid":{"rendered":"http:\/\/argentinamunicipal.com.ar\/argentina\/?p=62104"},"modified":"2017-04-26T07:01:15","modified_gmt":"2017-04-26T10:01:15","slug":"moreno-festa-denuncio-ahogo-financiero-distrito-parte-del-gobierno-nacional-provincial","status":"publish","type":"post","link":"http:\/\/argentinamunicipal.com.ar\/argentina\/moreno-festa-denuncio-ahogo-financiero-distrito-parte-del-gobierno-nacional-provincial\/","title":{"rendered":"Moreno: Festa denunci\u00f3 el \u00abahogo financiero\u00bb a su distrito por parte del Gobierno nacional y provincial"},"content":{"rendered":"<p>El intendente de Moreno, Walter Festa, responsabiliz\u00f3 a las pol\u00edticas del Gobierno por la dif\u00edcil situaci\u00f3n socioecon\u00f3mica que atraviesan los habitantes del distrito bonaerense. \u00abSe est\u00e1 jugando con la vida de los que menos tienen y que necesitan de la presencia del Estado\u201d, afirm\u00f3.<\/p>\n<p>El intendente de Moreno, Walter Festa, se refiri\u00f3\u00a0a la dif\u00edcil situaci\u00f3n socioecon\u00f3mica que est\u00e1n atravesando numerosos vecinos de Moreno, \u00abproducto de las pol\u00edticas implementadas por el gobierno nacional\u00bb.<\/p>\n<p>Frente a ese panorama, el jefe comunal encabez\u00f3 hoy el primer encuentro de la \u201cMesa Intersectorial para la Promoci\u00f3n del Di\u00e1logo Social\u201d, con el objetivo de instaurar un \u00e1mbito de di\u00e1logo, cooperaci\u00f3n y acci\u00f3n permanente.<\/p>\n<p>La Mesa Intersectorial est\u00e1 integrada por la Di\u00f3cesis de Moreno \u2013 Merlo, centrales obreras, organizaciones sociales, empresarios del distrito, Consejos Pastorales y otras agrupaciones.<\/p>\n<p>Acompa\u00f1ado de todo su gabinete, Festa sostuvo al encabezar este encuentro que \u201cla situaci\u00f3n de ahogo financiero que vive el Municipio por parte de los Gobiernos nacional y provincial nos tiene preso de una situaci\u00f3n que empeora mes a mes. Ac\u00e1 no se est\u00e1 discriminando a un intendente peronista, ac\u00e1 se est\u00e1 jugando con la vida de los que menos tienen y que necesitan de la presencia del Estado\u201d.<\/p>\n<p>En Moreno este aumento de la pobreza y la indigencia puede visualizarse en que en 2015 hab\u00eda 36 merenderos y 39 comedores comunitarios asistidos por el Municipio y hoy esa cifra asciende a 135 merenderos y 84 comedores, sin alcanzar a cubrir las necesidades acuciantes del distrito. \u201cHoy atendemos a 70 chicos por merendero, cuando antes la matr\u00edcula era para 30, y tenemos para aprobar 20 merenderos y 30 comedores nuevos. Estamos en una situaci\u00f3n l\u00edmite\u201d, explic\u00f3 Festa.<\/p>\n<p>En este sentido, el intendente destac\u00f3 que \u201choy contenemos a casi 15 mil familias que est\u00e1n bajo los distintos programas de Desarrollo Social local y, por ejemplo, la provincia solo nos asiste con 14 mil kilos de leche del Plan Vida para repartir entre los merenderos. Tenemos un d\u00e9ficit estructural importante, problemas que se fueron profundizando en este \u00faltimo a\u00f1o y medio por las pol\u00edticas del gobierno de Cambiemos, y la respuesta es cada vez menos env\u00edos de alimentos, colchones y chapas\u201d. Y sentenci\u00f3: \u201cLes pedimos alimentos secos que nos mandan en muy pocas ocasiones, y en situaciones de much\u00edsima emergencia\u201d.<\/p>\n<p>Por otro lado, desde el municipio aseguraron que, producto de la crisis nacional, la tasa de sepelio a nivel municipal creci\u00f3 \u201ccuatro veces\u201d respecto a a\u00f1os anteriores, sobre todo en la poblaci\u00f3n del adulto mayor. \u201cDebido al aumento de los costos de los sepelios, que es un m\u00ednimo de 10 a 15 mil pesos, con lo que le reintegra PAMI a la familia y con dos o tres meses de atraso, no se llega a cubrir el 25 por ciento de lo que sale. Por eso nosotros terminamos absorbiendo ese gasto del que deber\u00eda ocuparse PAMI\u201d, describi\u00f3 Festa.<\/p>\n<p>\u201cEn Moreno, la desigualdad persistente como la pobreza estructural son resultado de un modelo econ\u00f3mico productivo concentrado y desequilibrado con efectos de exclusi\u00f3n y desigualdad a nivel socio-laboral\u201d, remarc\u00f3 Festa. Y concluy\u00f3: \u201cesta Mesa de di\u00e1logo social permitir\u00e1 establecer las bases de una respuesta conjunta a la tragedia que representa para miles de morenenses el no poder cubrir las cantidades m\u00ednimas de alimento y acceso a bienes b\u00e1sicos indispensables para el mantenimiento de la dignidad humana\u201d.<\/p>\n<h6>Fuente: InfoCielo<\/h6>\n","protected":false},"excerpt":{"rendered":"<p>El intendente de Moreno, Walter Festa, responsabiliz\u00f3 a las pol\u00edticas del Gobierno por la dif\u00edcil situaci\u00f3n socioecon\u00f3mica que atraviesan los habitantes del distrito bonaerense.<\/p>\n","protected":false},"author":2,"featured_media":62105,"comment_status":"closed","ping_status":"closed","sticky":false,"template":"","format":"standard","meta":{"footnotes":""},"categories":[4],"tags":[12],"class_list":["post-62104","post","type-post","status-publish","format-standard","has-post-thumbnail","hentry","category-informe-politico","tag-buenos-aires"],"_links":{"self":[{"href":"http:\/\/argentinamunicipal.com.ar\/argentina\/wp-json\/wp\/v2\/posts\/62104","targetHints":{"allow":["GET"]}}],"collection":[{"href":"http:\/\/argentinamunicipal.com.ar\/argentina\/wp-json\/wp\/v2\/posts"}],"about":[{"href":"http:\/\/argentinamunicipal.com.ar\/argentina\/wp-json\/wp\/v2\/types\/post"}],"author":[{"embeddable":true,"href":"http:\/\/argentinamunicipal.com.ar\/argentina\/wp-json\/wp\/v2\/users\/2"}],"replies":[{"embeddable":true,"href":"http:\/\/argentinamunicipal.com.ar\/argentina\/wp-json\/wp\/v2\/comments?post=62104"}],"version-history":[{"count":0,"href":"http:\/\/argentinamunicipal.com.ar\/argentina\/wp-json\/wp\/v2\/posts\/62104\/revisions"}],"wp:featuredmedia":[{"embeddable":true,"href":"http:\/\/argentinamunicipal.com.ar\/argentina\/wp-json\/wp\/v2\/media\/62105"}],"wp:attachment":[{"href":"http:\/\/argentinamunicipal.com.ar\/argentina\/wp-json\/wp\/v2\/media?parent=62104"}],"wp:term":[{"taxonomy":"category","embeddable":true,"href":"http:\/\/argentinamunicipal.com.ar\/argentina\/wp-json\/wp\/v2\/categories?post=62104"},{"taxonomy":"post_tag","embeddable":true,"href":"http:\/\/argentinamunicipal.com.ar\/argentina\/wp-json\/wp\/v2\/tags?post=62104"}],"curies":[{"name":"wp","href":"https:\/\/api.w.org\/{rel}","templated":true}]}}