{"id":62113,"date":"2017-04-26T07:17:42","date_gmt":"2017-04-26T10:17:42","guid":{"rendered":"http:\/\/argentinamunicipal.com.ar\/argentina\/?p=62113"},"modified":"2017-04-26T07:17:42","modified_gmt":"2017-04-26T10:17:42","slug":"recesion-sin-fin-dia-se-importan-mas-bienes-consumo","status":"publish","type":"post","link":"http:\/\/argentinamunicipal.com.ar\/argentina\/recesion-sin-fin-dia-se-importan-mas-bienes-consumo\/","title":{"rendered":"Recesi\u00f3n sin fin: cada d\u00eda se importan m\u00e1s bienes de consumo"},"content":{"rendered":"<p>La industria textil y la del calzado lideran los sectores que lo est\u00e1n pasando mal bajo el modelo que rige el pa\u00eds desde diciembre de 2015. El trimestre enero-marzo de este a\u00f1o fue tres veces peor que el de 2016.<\/p>\n<p>La industria nacional profundiza su mal momento seg\u00fan los propios registros del Indec. Durante el primer trimestre del a\u00f1o la importaci\u00f3n de bienes de consumo (que tambi\u00e9n se producen en el pa\u00eds) creci\u00f3 el 17,9% en comparaci\u00f3n con el mismo periodo de 2016.<\/p>\n<p>Asimismo, los bienes de capital avanzaron 9,6% mientras que los intermedios, destinados a la producci\u00f3n retrocedieron un 1%.<\/p>\n<p>En tanto, el intercambio comercial durante marzo cerr\u00f3 con un d\u00e9ficit de 941 millones de d\u00f3lares, superando la p\u00e9rdida de 274 millones de d\u00f3lares de marzo del a\u00f1o pasado.<\/p>\n<p>El d\u00e9ficit, en este contexto, fue enorme. El trimestre enero-febrero-marzo cerr\u00f3 con un rojo de 1.088 millones de d\u00f3lares, casi tres veces m\u00e1s que los 342 millones registrados en el per\u00edodo enero-marzo de 2016 (a\u00f1o que termin\u00f3 con un super\u00e1vit de 2.124 millones.<\/p>\n<p>El resultado de marzo fue producto de un crecimiento del 2,3% en la facturaci\u00f3n de lo exportado, que lleg\u00f3 a 4.527 millones de d\u00f3lares, contra importaciones que crecieron 16,4% en t\u00e9rminos interanuales, para sumar 5.468 millones de d\u00f3lares.<\/p>\n<p>En el mismo sentido, la importaci\u00f3n de indumentaria subi\u00f3 un 21,2 por ciento en enero. Seg\u00fan el INDEC en marzo la importaci\u00f3n en el rubro \u00abcalzado, paraguas, flores artificiales y otros\u00bb creci\u00f3 27,6% mientras que en el rubro \u00abtextiles\u00bb el aumento de las importaciones lleg\u00f3 al 34,1%.<\/p>\n<h6>Fuente: InfoNews<\/h6>\n","protected":false},"excerpt":{"rendered":"<p>La industria textil y la del calzado lideran los sectores que lo est\u00e1n pasando mal bajo el modelo que rige el pa\u00eds desde diciembre de 2015. El trimestre enero-marzo de este a\u00f1o fue tres veces peor que el de 2016.<\/p>\n","protected":false},"author":2,"featured_media":62114,"comment_status":"closed","ping_status":"closed","sticky":false,"template":"","format":"standard","meta":{"footnotes":""},"categories":[8],"tags":[21],"class_list":["post-62113","post","type-post","status-publish","format-standard","has-post-thumbnail","hentry","category-informe-nacional","tag-argentina"],"_links":{"self":[{"href":"http:\/\/argentinamunicipal.com.ar\/argentina\/wp-json\/wp\/v2\/posts\/62113","targetHints":{"allow":["GET"]}}],"collection":[{"href":"http:\/\/argentinamunicipal.com.ar\/argentina\/wp-json\/wp\/v2\/posts"}],"about":[{"href":"http:\/\/argentinamunicipal.com.ar\/argentina\/wp-json\/wp\/v2\/types\/post"}],"author":[{"embeddable":true,"href":"http:\/\/argentinamunicipal.com.ar\/argentina\/wp-json\/wp\/v2\/users\/2"}],"replies":[{"embeddable":true,"href":"http:\/\/argentinamunicipal.com.ar\/argentina\/wp-json\/wp\/v2\/comments?post=62113"}],"version-history":[{"count":0,"href":"http:\/\/argentinamunicipal.com.ar\/argentina\/wp-json\/wp\/v2\/posts\/62113\/revisions"}],"wp:featuredmedia":[{"embeddable":true,"href":"http:\/\/argentinamunicipal.com.ar\/argentina\/wp-json\/wp\/v2\/media\/62114"}],"wp:attachment":[{"href":"http:\/\/argentinamunicipal.com.ar\/argentina\/wp-json\/wp\/v2\/media?parent=62113"}],"wp:term":[{"taxonomy":"category","embeddable":true,"href":"http:\/\/argentinamunicipal.com.ar\/argentina\/wp-json\/wp\/v2\/categories?post=62113"},{"taxonomy":"post_tag","embeddable":true,"href":"http:\/\/argentinamunicipal.com.ar\/argentina\/wp-json\/wp\/v2\/tags?post=62113"}],"curies":[{"name":"wp","href":"https:\/\/api.w.org\/{rel}","templated":true}]}}