{"id":62116,"date":"2017-04-26T07:20:56","date_gmt":"2017-04-26T10:20:56","guid":{"rendered":"http:\/\/argentinamunicipal.com.ar\/argentina\/?p=62116"},"modified":"2017-04-26T07:20:56","modified_gmt":"2017-04-26T10:20:56","slug":"drama-del-agua-ahora-llego-al-litoral","status":"publish","type":"post","link":"http:\/\/argentinamunicipal.com.ar\/argentina\/drama-del-agua-ahora-llego-al-litoral\/","title":{"rendered":"El drama del agua ahora lleg\u00f3 al Litoral"},"content":{"rendered":"<p>La tormenta descarg\u00f3 en menos de 24 horas m\u00e1s de 200 mil\u00edmetros de agua sobre la capital correntina y otras localidades de la provincia. El Senado de la Naci\u00f3n aprob\u00f3 un proyecto que declara zona de emergencia por 180 d\u00edas a localidades de diez provincias afectadas.<\/p>\n<p>Las intensas lluvias que cayeron en el noreste del pa\u00eds sumaron nuevas provincias afectadas por el agua: dejaron cientos de evacuados en Corrientes por el desborde de r\u00edos e inundaciones, mientras que en Misiones y Chaco se registraron anegamientos y cortes de suministro el\u00e9ctrico. El Senado de la Naci\u00f3n aprob\u00f3 y gir\u00f3 a Diputados un proyecto que declara zona de emergencia por 180 d\u00edas a localidades de las provincias de Catamarca, Buenos Aires, Santa Fe, Misiones, Chubut, Tucum\u00e1n, R\u00edo Negro, La Pampa, Salta y Jujuy como consecuencia de las inundaciones registradas en los primeros d\u00edas de abril.<\/p>\n<p>El temporal de lluvia que descarg\u00f3 en menos de 24 horas m\u00e1s de 200 mil\u00edmetros de agua sobre la capital correntina y en localidades del norte y centro de la provincia, produjo la crecida de r\u00edos y el anegamientos en zonas rurales y urbanas, seg\u00fan informaron fuentes municipales.<\/p>\n<p>El departamento de San Luis del Palmar (30 kil\u00f3metros al norte de la capital) fue la zona m\u00e1s afectada por el desborde del Riachuelo. El intendente, Richard Valenzuela, dijo ayer por la tarde que \u201cla situaci\u00f3n es ahora m\u00e1s desesperante\u201d y sostuvo que hab\u00edan perdido la cuenta de la cantidad de evacuados.<\/p>\n<p>\u201cEl Riachuelo desbord\u00f3 y la situaci\u00f3n es ca\u00f3tica. El barrio San Cayetano ya est\u00e1 totalmente anegado\u201d, expres\u00f3 el mandatario comunal, quien advirti\u00f3 que en la zona rural la situaci\u00f3n empeoraba y que \u201cdesde las 4 de la ma\u00f1ana est\u00e1n sacando gente con tractores y camiones que tenemos\u201d. Adem\u00e1s, en algunas casas en los barrios Inmaculada Concepci\u00f3n y Virgen del Rosario el agua entr\u00f3 y alcanz\u00f3 el metro de altura.<\/p>\n<p>Valenzuela inform\u00f3 que \u201cel Polideportivo Municipal y el Sal\u00f3n de Usos M\u00faltiples, est\u00e1n repletos\u201d.<\/p>\n<p>En Itat\u00ed, Salvador Lugo, el intendente interino tras la detenci\u00f3n de Roger Ter\u00e1n en el marco de la megacausa por tr\u00e1fico de marihuana, dijo que el agua ingres\u00f3 a un sector del hospital Doctores Juan Carlos y Alberto Garc\u00eda \u201cpor primera vez en 28 a\u00f1os\u201d.<\/p>\n<p>En otros municipios de la ciudad de Corrientes, Paso de la Patria, San Cosme, Caa Cat\u00ed, Mburucuy\u00e1, Santa Ana, Empedrado e Ituzaing\u00f3, los operativos municipales no daban abasto con los trabajos de asistencia y las \u00a0evacuaciones.<\/p>\n<p>La Direcci\u00f3n Provincial de Energ\u00eda (DPEC) tuvo que cortar la luz en algunos barrios de la ciudad y del interior de manera preventiva, mientras el servicio de transporte p\u00fablico fue interrumpido en la capital, afectando el \u00a0desarrollo de las clases. En lo que va de abril la provincia registra 536 mil\u00edmetros sobre la ciudad de Corrientes, cuando el promedio para este per\u00edodo ronda los 170.<\/p>\n<p>M\u00e1s al norte, en Misiones, las precipitaciones y los fuertes vientos inundaron las calles y avenidas de varias ciudades, desbordaron arroyos, y hubo \u00e1rboles ca\u00eddos y postes de alumbrado derrumbados que dejaron sin luz a varios barrios de la zona sur y centro de la provincia.<\/p>\n<p>En Posadas, la capital misionera, los algo m\u00e1s de 130 mil\u00edmetros ca\u00eddos en menos de un d\u00eda afect\u00f3 los barrios de Itaemb\u00e9 Min\u00ed, Las Tacuaritas y el Porvenir. El agua acumulada en las calles ingres\u00f3 e inund\u00f3 varias viviendas, que adem\u00e1s permanec\u00edan sin luz el\u00e9ctrica desde el lunes a la noche debido a la ca\u00edda de postes de luz.<\/p>\n<p>En Chaco, las lluvias, que comenzaron el lunes a la tarde y se extendieron hasta ayer al mediod\u00eda, alcanzaron los 177 mil\u00edmetros y dejaron anegamientos en el Gran Resistencia.<\/p>\n<h6>Fuente: P\u00e1gina 12<\/h6>\n","protected":false},"excerpt":{"rendered":"<p>La tormenta descarg\u00f3 en menos de 24 horas m\u00e1s de 200 mil\u00edmetros de agua sobre la capital correntina y otras localidades de la provincia.<\/p>\n","protected":false},"author":2,"featured_media":62117,"comment_status":"closed","ping_status":"closed","sticky":false,"template":"","format":"standard","meta":{"footnotes":""},"categories":[2],"tags":[21],"class_list":["post-62116","post","type-post","status-publish","format-standard","has-post-thumbnail","hentry","category-informe-municipal","tag-argentina"],"_links":{"self":[{"href":"http:\/\/argentinamunicipal.com.ar\/argentina\/wp-json\/wp\/v2\/posts\/62116","targetHints":{"allow":["GET"]}}],"collection":[{"href":"http:\/\/argentinamunicipal.com.ar\/argentina\/wp-json\/wp\/v2\/posts"}],"about":[{"href":"http:\/\/argentinamunicipal.com.ar\/argentina\/wp-json\/wp\/v2\/types\/post"}],"author":[{"embeddable":true,"href":"http:\/\/argentinamunicipal.com.ar\/argentina\/wp-json\/wp\/v2\/users\/2"}],"replies":[{"embeddable":true,"href":"http:\/\/argentinamunicipal.com.ar\/argentina\/wp-json\/wp\/v2\/comments?post=62116"}],"version-history":[{"count":0,"href":"http:\/\/argentinamunicipal.com.ar\/argentina\/wp-json\/wp\/v2\/posts\/62116\/revisions"}],"wp:featuredmedia":[{"embeddable":true,"href":"http:\/\/argentinamunicipal.com.ar\/argentina\/wp-json\/wp\/v2\/media\/62117"}],"wp:attachment":[{"href":"http:\/\/argentinamunicipal.com.ar\/argentina\/wp-json\/wp\/v2\/media?parent=62116"}],"wp:term":[{"taxonomy":"category","embeddable":true,"href":"http:\/\/argentinamunicipal.com.ar\/argentina\/wp-json\/wp\/v2\/categories?post=62116"},{"taxonomy":"post_tag","embeddable":true,"href":"http:\/\/argentinamunicipal.com.ar\/argentina\/wp-json\/wp\/v2\/tags?post=62116"}],"curies":[{"name":"wp","href":"https:\/\/api.w.org\/{rel}","templated":true}]}}