{"id":62122,"date":"2017-04-26T07:35:28","date_gmt":"2017-04-26T10:35:28","guid":{"rendered":"http:\/\/argentinamunicipal.com.ar\/argentina\/?p=62122"},"modified":"2017-04-26T07:35:28","modified_gmt":"2017-04-26T10:35:28","slug":"demuestra-mas-30-mil-advirtio-carlotto-nieto-122","status":"publish","type":"post","link":"http:\/\/argentinamunicipal.com.ar\/argentina\/demuestra-mas-30-mil-advirtio-carlotto-nieto-122\/","title":{"rendered":"\u00abEsto demuestra que son m\u00e1s de 30 mil\u00bb, advirti\u00f3 Carlotto sobre el nieto 122"},"content":{"rendered":"<p>La presidente de Abuelas de Plaza de Mayo anunci\u00f3 la identificaci\u00f3n de otro nieto, cuyos padres no figuraban en la lista de desaparecidos.<\/p>\n<p>Las Abuelas de Plaza de Mayo presentaron ayer al nieto recuperado n\u00famero 122, hijo de dos militantes de la agrupaci\u00f3n Montoneros desaparecidos durante la \u00faltima dictadura c\u00edvico militar, y reclamaron al gobierno de Mauricio Macri que \u00abacompa\u00f1e este proceso\u00bb de b\u00fasqueda del organismo.<\/p>\n<p>Los padres del nuevo nieto identificado eran Enrique Bustamante e Iris N\u00e9lida Garc\u00eda Soler, quienes fueron secuestrados de la pensi\u00f3n en la que viv\u00edan y detenidos en los centros clandestinos de detenci\u00f3n de la Escuela de Mec\u00e1nica de la Armada (Esma) y el Olimpo, ambos en la Capital Federal, y permanecen desaparecidos desde el 31 de enero 1977.<\/p>\n<p>De acuerdo con lo que precis\u00f3 Abuelas, el joven naci\u00f3 en julio de 1977 en la Esma y actualmente se encontraba viviendo en C\u00f3rdoba.<\/p>\n<p>En la presentaci\u00f3n estaban, adem\u00e1s de las autoridades de Abuelas y de la Comisi\u00f3n Nacional por el Derecho a la Identidad (Conadi), dos familiares del nieto identificado, quien a su vez pidi\u00f3 \u00abreserva\u00bb y asegur\u00f3 que \u00abse va a acercar cuando asimile\u00bb toda la situaci\u00f3n, informaron en el acto.<\/p>\n<p>\u00abA la sociedad le pedimos que nos siga ayudando a encontrar a nuestros nietos\u00bb, subray\u00f3 Estela de Carlotto, presidenta de Abuelas, y agreg\u00f3 que \u00abesto demuestra que son 30 mil o m\u00e1s los desaparecidos\u00bb.<\/p>\n<p>Aludi\u00f3 as\u00ed a la pol\u00e9mica que se gener\u00f3 por los dichos de varios funcionarios de la alianza Cambiemos, como Dar\u00edo Loperfido, que pusieron en duda la cifra denunciada por los organismos de Derechos Humanos tras la restauraci\u00f3n democr\u00e1tica.<\/p>\n<p>\u00abLa verdad y justicia siempre vencen al olvido y al silencio. Este caso es la muestra de que los juicios han sido y siguen siendo una herramienta fundamental y que el Estado debe acompa\u00f1ar con pol\u00edticas de verdad, memoria y justicia. Hay cientos de familias que esperan ese abrazo\u00bb, agreg\u00f3 la titular de Abuelas.<\/p>\n<p><strong>\u00abYo te quiero\u00bb<\/strong><\/p>\n<p>Por su parte, Blanca N\u00e9lida Bustamante, prima hermana de Enrique, celebr\u00f3 la identificaci\u00f3n de su familiar y le pidi\u00f3 reunirse alg\u00fan d\u00eda: \u00abNosotros nos tenemos que conocer de coraz\u00f3n a coraz\u00f3n, ese es mi deseo. Yo te quiero\u00bb.<\/p>\n<p>\u00abEsta lluvia de hoy, en Buenos Aires, son l\u00e1grimas de mi viejo y de tantos viejos y viejas que se murieron esperando la llegada de sus queridos sobrinos\u00bb, enfatiz\u00f3.<\/p>\n<p>En tanto, Ricardo, tambi\u00e9n primo hermano del padre del nieto recuperado, se\u00f1al\u00f3 que \u00abes bueno saber que hay algo de Enriquito dando vueltas en C\u00f3rdoba\u00bb.<\/p>\n<p>\u00abOjal\u00e1 en alg\u00fan momento se acerque a nosotros. Nosotros somos familiares. Que \u00e9l decida cu\u00e1ndo para, con todo nuestro sentimiento, contarle la historia de qui\u00e9n fue su padre, de qui\u00e9n fue su abuelo\u00bb, insisti\u00f3 durante su discurso.<\/p>\n<p>La confirmaci\u00f3n de la identificaci\u00f3n se realiz\u00f3 en la sede de la organizaci\u00f3n, ubicada en el departamento 2 del primer piso del edificio situado en la calle Virrey Cevallos 592, en el centro porte\u00f1o.<\/p>\n<p>Sus padres eran militantes de la agrupaci\u00f3n Montoneros y fueron arrestados el 31 de enero de aquel a\u00f1o, en la pensi\u00f3n de San Telmo donde viv\u00edan, y trasladados al centro de detenci\u00f3n llamado de la Esma, primero, y al Club Atl\u00e9tico o El Olimpo, despu\u00e9s, tambi\u00e9n en el barrio porte\u00f1o de San Telmo.<\/p>\n<p>\u00abAl momento del secuestro, Iris estaba embarazada de tres meses. Hab\u00eda llamado a sus padres para avisar que pasar\u00eda de visita, pero luego cancel\u00f3 el encuentro y su familia nunca m\u00e1s supo de ella, ni de su compa\u00f1ero, ni del ni\u00f1o que debi\u00f3 nacer en julio de 1977\u00bb, precis\u00f3 Carlotto al leer el comunicado oficial por el hallazgo.<\/p>\n<p>La dirigente de Abuelas, flanqueada por un grupo de nietos recuperados, detall\u00f3 adem\u00e1s que Iris Garc\u00eda Soler naci\u00f3 el 15 de mayo de 1952 en la ciudad de Mendoza, estudiaba sociolog\u00eda en la Universidad Cat\u00f3lica Argentina (UCA) y le dec\u00edan \u00abTita\u00bb o \u00abSuzuki\u00bb, mientras que Bustamante ten\u00eda un a\u00f1o m\u00e1s y era conocido como \u00abBeb\u00e9\u00bb o \u00abLobo\u00bb. El proceso para el reconocimiento de este nieto comenz\u00f3 en 2004, a partir de una investigaci\u00f3n que inici\u00f3 la Conadi. El instituto lleg\u00f3 a identificar a una mujer que hab\u00eda dado a luz en la Esma, aunque a\u00fan no pod\u00eda precisar el nombre real de aquella persona.<\/p>\n<p>Gracias a los testimonios de varios sobrevivientes, se pudo determinar que la madre, a quien sus compa\u00f1eros de cautiverios le dec\u00edan \u00abLobita\u00bb, era justamente Garc\u00eda Soler.<\/p>\n<p>Paralelamente, la filial de Abuelas en C\u00f3rdoba contact\u00f3 a un hombre que presuntamente era hijo de desaparecidos y que accedi\u00f3 voluntariamente a hacerse una prueba de ADN, la que finalmente confirm\u00f3 que era aquel ni\u00f1o nacido en la Esma. \u00abEl accedi\u00f3 voluntariamente a hacerse los an\u00e1lisis\u00bb, explic\u00f3 Sonia Torres, presidenta de Abuelas de Plaza de Mayo C\u00f3rdoba, quien tambi\u00e9n resalt\u00f3 que el joven pidi\u00f3 \u00abreserva en cuanto a \u00e9l\u00bb y \u00abtiempo para asimilar\u00bb la situaci\u00f3n.<\/p>\n<h6>Fuente: La Capital Rosario<\/h6>\n","protected":false},"excerpt":{"rendered":"<p>La presidente de Abuelas de Plaza de Mayo anunci\u00f3 la identificaci\u00f3n de otro nieto, cuyos padres no figuraban en la lista de desaparecidos.<\/p>\n","protected":false},"author":2,"featured_media":62123,"comment_status":"closed","ping_status":"closed","sticky":false,"template":"","format":"standard","meta":{"footnotes":""},"categories":[8],"tags":[21],"class_list":["post-62122","post","type-post","status-publish","format-standard","has-post-thumbnail","hentry","category-informe-nacional","tag-argentina"],"_links":{"self":[{"href":"http:\/\/argentinamunicipal.com.ar\/argentina\/wp-json\/wp\/v2\/posts\/62122","targetHints":{"allow":["GET"]}}],"collection":[{"href":"http:\/\/argentinamunicipal.com.ar\/argentina\/wp-json\/wp\/v2\/posts"}],"about":[{"href":"http:\/\/argentinamunicipal.com.ar\/argentina\/wp-json\/wp\/v2\/types\/post"}],"author":[{"embeddable":true,"href":"http:\/\/argentinamunicipal.com.ar\/argentina\/wp-json\/wp\/v2\/users\/2"}],"replies":[{"embeddable":true,"href":"http:\/\/argentinamunicipal.com.ar\/argentina\/wp-json\/wp\/v2\/comments?post=62122"}],"version-history":[{"count":0,"href":"http:\/\/argentinamunicipal.com.ar\/argentina\/wp-json\/wp\/v2\/posts\/62122\/revisions"}],"wp:featuredmedia":[{"embeddable":true,"href":"http:\/\/argentinamunicipal.com.ar\/argentina\/wp-json\/wp\/v2\/media\/62123"}],"wp:attachment":[{"href":"http:\/\/argentinamunicipal.com.ar\/argentina\/wp-json\/wp\/v2\/media?parent=62122"}],"wp:term":[{"taxonomy":"category","embeddable":true,"href":"http:\/\/argentinamunicipal.com.ar\/argentina\/wp-json\/wp\/v2\/categories?post=62122"},{"taxonomy":"post_tag","embeddable":true,"href":"http:\/\/argentinamunicipal.com.ar\/argentina\/wp-json\/wp\/v2\/tags?post=62122"}],"curies":[{"name":"wp","href":"https:\/\/api.w.org\/{rel}","templated":true}]}}