{"id":62131,"date":"2017-04-26T07:46:16","date_gmt":"2017-04-26T10:46:16","guid":{"rendered":"http:\/\/argentinamunicipal.com.ar\/argentina\/?p=62131"},"modified":"2017-04-26T07:46:16","modified_gmt":"2017-04-26T10:46:16","slug":"alicia-kirchner-plan-echar-gente-no-lo-voy","status":"publish","type":"post","link":"http:\/\/argentinamunicipal.com.ar\/argentina\/alicia-kirchner-plan-echar-gente-no-lo-voy\/","title":{"rendered":"Alicia Kirchner: \u201c\u00bfEl plan es echar gente? No lo voy a hacer\u201d"},"content":{"rendered":"<p>Contin\u00faan los cruces entre oficialismo y kirchnerismo por la situaci\u00f3n de Santa Cruz. El gobierno nacional ya advirti\u00f3 que supeditar\u00e1 la ayuda econ\u00f3mica para la provincia a la existencia de un \u201cplan serio\u201d para ordenar las cuentas p\u00fablicas y controlar el gasto. La gobernadora santacruce\u00f1a, Alicia Kirchner, critic\u00f3 ayer al Ejecutivo y advirti\u00f3 que no despedir\u00e1 gente.<\/p>\n<p>\u201c\u00bfCu\u00e1l es el plan serio? \u00bfEchar gente? No lo voy a hacer\u201d, afirm\u00f3 Kirchner en declaraciones radiales. Ayer, el presidente Mauricio Macri volvi\u00f3 a criticar que el Estado \u201cparezca un aguantadero de la pol\u00edtica\u201d. La mandataria reclam\u00f3 que el gobierno nacional ponga en marcha la construcci\u00f3n de las represas hidroel\u00e9ctricas en la provincia y la devoluci\u00f3n de los reembolsos por puerto patag\u00f3nico.<\/p>\n<p>\u201cSi hay un plan serio para que acompa\u00f1en el esfuerzo nacional para ordenar las cuentas p\u00fablicas y de manera gradual llegar al equilibrio fiscal en 2019, los vamos a ayudar, como ayudamos, con los pocos recursos que tenemos, a todas las provincias\u201d, hab\u00eda advertido el ministro del Interior, Rogelio Frigerio, un d\u00eda antes.<\/p>\n<p>Santa Cruz vive un clima de conflictividad creciente. El s\u00e1bado se produjeron violentas protestas de docentes y estatales, que reclaman el pago de salarios atrasados desde febrero, frente a la residencia de la gobernadora, donde se encontraba tambi\u00e9n la ex presidenta Cristina Kirchner. Hubo represi\u00f3n y heridos.<\/p>\n<p>La ministra de Seguridad, Patricia Bullrich, confirm\u00f3 ayer que la provincia de Santa Cruz pidi\u00f3 ayuda al gobierno nacional, aunque, con misterio, no quiso revelar si se trata de ayuda econ\u00f3mica o de seguridad<br \/>\nLa ministra Bullrich confirm\u00f3 que Santa Cruz solicit\u00f3 ayuda al gobierno nacional.<br \/>\nPero no quiso decir qu\u00e9 tipo de asistencia pidi\u00f3.<\/p>\n<h6>Fuente: R\u00edo Negro<\/h6>\n","protected":false},"excerpt":{"rendered":"<p>Contin\u00faan los cruces entre oficialismo y kirchnerismo por la situaci\u00f3n de Santa Cruz. El gobierno nacional ya advirti\u00f3 que supeditar\u00e1 la ayuda econ\u00f3mica para la provincia a la existencia de un \u201cplan serio\u201d para ordenar las cuentas p\u00fablicas y controlar el gasto. <\/p>\n","protected":false},"author":2,"featured_media":62132,"comment_status":"closed","ping_status":"closed","sticky":false,"template":"","format":"standard","meta":{"footnotes":""},"categories":[65],"tags":[29],"class_list":["post-62131","post","type-post","status-publish","format-standard","has-post-thumbnail","hentry","category-provincias","tag-santa-cruz"],"_links":{"self":[{"href":"http:\/\/argentinamunicipal.com.ar\/argentina\/wp-json\/wp\/v2\/posts\/62131","targetHints":{"allow":["GET"]}}],"collection":[{"href":"http:\/\/argentinamunicipal.com.ar\/argentina\/wp-json\/wp\/v2\/posts"}],"about":[{"href":"http:\/\/argentinamunicipal.com.ar\/argentina\/wp-json\/wp\/v2\/types\/post"}],"author":[{"embeddable":true,"href":"http:\/\/argentinamunicipal.com.ar\/argentina\/wp-json\/wp\/v2\/users\/2"}],"replies":[{"embeddable":true,"href":"http:\/\/argentinamunicipal.com.ar\/argentina\/wp-json\/wp\/v2\/comments?post=62131"}],"version-history":[{"count":0,"href":"http:\/\/argentinamunicipal.com.ar\/argentina\/wp-json\/wp\/v2\/posts\/62131\/revisions"}],"wp:featuredmedia":[{"embeddable":true,"href":"http:\/\/argentinamunicipal.com.ar\/argentina\/wp-json\/wp\/v2\/media\/62132"}],"wp:attachment":[{"href":"http:\/\/argentinamunicipal.com.ar\/argentina\/wp-json\/wp\/v2\/media?parent=62131"}],"wp:term":[{"taxonomy":"category","embeddable":true,"href":"http:\/\/argentinamunicipal.com.ar\/argentina\/wp-json\/wp\/v2\/categories?post=62131"},{"taxonomy":"post_tag","embeddable":true,"href":"http:\/\/argentinamunicipal.com.ar\/argentina\/wp-json\/wp\/v2\/tags?post=62131"}],"curies":[{"name":"wp","href":"https:\/\/api.w.org\/{rel}","templated":true}]}}