{"id":62171,"date":"2017-04-27T07:02:54","date_gmt":"2017-04-27T10:02:54","guid":{"rendered":"http:\/\/argentinamunicipal.com.ar\/argentina\/?p=62171"},"modified":"2017-04-27T07:02:54","modified_gmt":"2017-04-27T10:02:54","slug":"mar-del-plata-sin-acuerdo-la-reunion-los-municipales-gobierno","status":"publish","type":"post","link":"http:\/\/argentinamunicipal.com.ar\/argentina\/mar-del-plata-sin-acuerdo-la-reunion-los-municipales-gobierno\/","title":{"rendered":"Mar del Plata: Sin acuerdo en la reuni\u00f3n entre los municipales y el Gobierno"},"content":{"rendered":"<p>Las partes se reunieron en el Ministerio de Trabajo tras el paro que los trabajadores llevaron a cabo el mi\u00e9rcoles.<\/p>\n<p>El gobierno municipal y el Sindicato de Trabajadores Municipales (STM) siguen sin alcanzar un acuerdo en las paritarias. En una nueva reuni\u00f3n en la sede local de la delegaci\u00f3n regional del Ministerio de Trabajo de la provincia, las partes no pudieron consensuar ayer el incremento salarial para los agentes comunales y pasaron a un cuarto intermedio hasta el pr\u00f3ximo martes.<br \/>\nDe la reuni\u00f3n participaron el secretario de Gobierno, Alejandro Vicente, y sus pares de Desarrollo Social, Vilma Baragiola, y Salud, Gustavo Blanco, as\u00ed como el secretario general del STM, Antonio Gilardi, y el adjunto, Daniel Zacar\u00edas.<br \/>\n\u201cEl Ejecutivo se mantuvo en su postura del 18% en distintos tramos con cl\u00e1usula gatillo\u201d, dijo a LA CAPITAL el secretario de Prensa del STM, Luis Mar\u00eda Mu\u00f1oz. El dirigente tambi\u00e9n record\u00f3 que, antes del paro que realizaron los municipales el martes, el gremio busc\u00f3 un acuerdo a trav\u00e9s de una baja de sus pretensiones, que desde un principio se estableci\u00f3 en 25% a pagar en hasta tres partes con cl\u00e1usula gatillo. \u201cPropusimos un incremento de 22% a pagar en tres tramos: 8% retroactivo a febrero, 7% en junio y 7% en septiembre, con cl\u00e1usula gatillo por la inflaci\u00f3n. En un principio el Ejecutivo hab\u00eda comenzado a analizar la propuesta, pero despu\u00e9s volvi\u00f3 al 18%\u201d, lament\u00f3.<br \/>\nMu\u00f1oz dijo que en la reuni\u00f3n de ayer no se habl\u00f3 del descuento por el d\u00eda no trabajado que anunci\u00f3 el intendente Carlos Arroyo en la antesala del paro. \u201cNo se toc\u00f3 ese tema porque generalmente no se produce ning\u00fan descuento. Ning\u00fan intendente democr\u00e1tico hizo descuentos a trabajadores que fueron a la huelga. Eso s\u00f3lo ocurri\u00f3 en la dictadura\u201d, diferenci\u00f3 Mu\u00f1oz.<\/p>\n<p>Luz y Fuerza: paro y movilizaci\u00f3n<\/p>\n<p>El Sindicato de Luz y Fuerza Mar del Plata realizar\u00e1 hoy un paro t\u00e9cnico, manual y administrativo, de 10 a 13 en todas las dependencias de EDEA S.A. de Mar del Plata y Delegaciones.<br \/>\nAnte el otorgamiento de la Banca 25 por parte del Honorable Concejo Deliberante del Partido de General Pueyrredon, la Comisi\u00f3n Directiva determin\u00f3 realizar esta medida de fuerza, donde tambi\u00e9n se realizar\u00e1 una movilizaci\u00f3n al Concejo Deliberante, en Luro e Yrigoyen.<br \/>\nLos bloques de concejales concedieron el uso de la Banca 25 por pedido del Sindicato, para que Luz y Fuerza Mar del Plata exponga a la comunidad y a las autoridades locales, el conflicto gremial con la empresa EDEA SA.<\/p>\n<h6>Fuente: La Capital Mar del Plata<\/h6>\n","protected":false},"excerpt":{"rendered":"<p>Las partes se reunieron en el Ministerio de Trabajo tras el paro que los trabajadores llevaron a cabo el mi\u00e9rcoles.<\/p>\n","protected":false},"author":2,"featured_media":62172,"comment_status":"closed","ping_status":"closed","sticky":false,"template":"","format":"standard","meta":{"footnotes":""},"categories":[7],"tags":[12],"class_list":["post-62171","post","type-post","status-publish","format-standard","has-post-thumbnail","hentry","category-informe-sindical","tag-buenos-aires"],"_links":{"self":[{"href":"http:\/\/argentinamunicipal.com.ar\/argentina\/wp-json\/wp\/v2\/posts\/62171","targetHints":{"allow":["GET"]}}],"collection":[{"href":"http:\/\/argentinamunicipal.com.ar\/argentina\/wp-json\/wp\/v2\/posts"}],"about":[{"href":"http:\/\/argentinamunicipal.com.ar\/argentina\/wp-json\/wp\/v2\/types\/post"}],"author":[{"embeddable":true,"href":"http:\/\/argentinamunicipal.com.ar\/argentina\/wp-json\/wp\/v2\/users\/2"}],"replies":[{"embeddable":true,"href":"http:\/\/argentinamunicipal.com.ar\/argentina\/wp-json\/wp\/v2\/comments?post=62171"}],"version-history":[{"count":0,"href":"http:\/\/argentinamunicipal.com.ar\/argentina\/wp-json\/wp\/v2\/posts\/62171\/revisions"}],"wp:featuredmedia":[{"embeddable":true,"href":"http:\/\/argentinamunicipal.com.ar\/argentina\/wp-json\/wp\/v2\/media\/62172"}],"wp:attachment":[{"href":"http:\/\/argentinamunicipal.com.ar\/argentina\/wp-json\/wp\/v2\/media?parent=62171"}],"wp:term":[{"taxonomy":"category","embeddable":true,"href":"http:\/\/argentinamunicipal.com.ar\/argentina\/wp-json\/wp\/v2\/categories?post=62171"},{"taxonomy":"post_tag","embeddable":true,"href":"http:\/\/argentinamunicipal.com.ar\/argentina\/wp-json\/wp\/v2\/tags?post=62171"}],"curies":[{"name":"wp","href":"https:\/\/api.w.org\/{rel}","templated":true}]}}