{"id":62177,"date":"2017-04-27T07:14:29","date_gmt":"2017-04-27T10:14:29","guid":{"rendered":"http:\/\/argentinamunicipal.com.ar\/argentina\/?p=62177"},"modified":"2017-04-27T08:44:33","modified_gmt":"2017-04-27T11:44:33","slug":"2017-los-conflictos-sociales-los-hubo-represion-crecieron-133-ciento","status":"publish","type":"post","link":"http:\/\/argentinamunicipal.com.ar\/argentina\/2017-los-conflictos-sociales-los-hubo-represion-crecieron-133-ciento\/","title":{"rendered":"En 2017, los conflictos sociales en los que hubo represi\u00f3n crecieron un 133 por ciento"},"content":{"rendered":"<p>Los datos surgen del Observatorio de Conflictividad Socio-Laboral de CEPA y son un comparativo del primer trimestre de 2017 con igual trimestre de 2016.<\/p>\n<p>Seg\u00fan un informe difudido por el Observatorio de Conflictividad Socio-Laboral de CEPA, la represi\u00f3n como respuesta a la conflictividad social creci\u00f3 durante el primer trimetre de 2017 un 133 por ciento, si se lo compara con igual trimestre de 2016.<\/p>\n<p>Desde principios de este a\u00f1o, la movilizaci\u00f3n popular y particularmente en el \u00e1mbito de la Ciudad de Buenos Aires ha ido increment\u00e1ndose con diferentes metodolog\u00edas de protesta, como marchas, paros, ollas populares y cortes de calles y rutas y han ascendido a un promedio de dos por d\u00eda. Los motivos fueron reclamos por despidos, readecuaci\u00f3n salarial, incumplimiento de acuerdos, condiciones de trabajo y quejas por atrasos en los pagos.<\/p>\n<p>\u00abEl eje del abordaje planteado por el Gobierno Nacional y local por los reclamos desarrollados en la Ciudad de Buenos Aires, no se ha centrado en resolver las problem\u00e1ticas que originan el reclamo sino en encontrar el mecanismo para que tales demandas, sencillamente, no lleguen a las calles de la Ciudad\u00bb, establece el informe de CEPA.<\/p>\n<p>\u00abUno de esos mecanismos ha sido la represi\u00f3n recurriendo a las fuerzas de seguridad. Una de las conclusiones del presente informe reside en que en el primer trimestre de 2017 se registran un 133% m\u00e1s de casos de conflictos con represi\u00f3n, en comparaci\u00f3n con igual trimestre de 2016\u00bb, confirma.<\/p>\n<p>En este sentido, se ha observado desde inicios de 2017 una profundizaci\u00f3n en la estrategia \u201cejemplificadora\u201d del gobierno con los trabajadores en su conjunto pero en particular se ha manifestado en el conflicto docente como caso testigo. La represi\u00f3n policial a los docentes en la plaza de los Dos Congresos para evitar la instalaci\u00f3n de la \u201cEscuela itinerante\u201d se suma a la premeditada estigmatizaci\u00f3n de un sector gremial representado en el ataque a Roberto Baradel, Secretario General de SUTEBA.<\/p>\n<p>El informe de CEPA tambi\u00e9n releva todos los casos de conflictividad social resueltos a trav\u00e9s de la represi\u00f3n por Cambiemos desde que asumi\u00f3 el Gobierno en diciembre de 2015. Seg\u00fan el estudio, la mayor cantidad de casos se sit\u00faa en la Provincia de Buenos Aires (sobre todo en el conurbano bonaerense) con 26,51% de conflictos. La Ciudad de Buenos Aires alcanza la cantidad de 14 casos (16,87%). Luego, Mendoza, Jujuy, Santa Fe y Salta acumularon cada una 5 casos (6,02% del total).<\/p>\n<p>El segundo semestre de 2016, tuvo un incremento sustancial de la cantidad absoluta de los conflictos con represi\u00f3n, arrancando 2017 en niveles superiores a los de inicios de 2016. Se distingue un incremento de los hechos represivos sobre el total de los conflictos registrados cada mes.<\/p>\n<h6>Fuente: InfoNews<\/h6>\n","protected":false},"excerpt":{"rendered":"<p>Los datos surgen del Observatorio de Conflictividad Socio-Laboral de CEPA y son un comparativo del primer trimestre de 2017 con igual trimestre de 2016.<\/p>\n","protected":false},"author":2,"featured_media":62178,"comment_status":"closed","ping_status":"closed","sticky":false,"template":"","format":"standard","meta":{"footnotes":""},"categories":[8],"tags":[21],"class_list":["post-62177","post","type-post","status-publish","format-standard","has-post-thumbnail","hentry","category-informe-nacional","tag-argentina"],"_links":{"self":[{"href":"http:\/\/argentinamunicipal.com.ar\/argentina\/wp-json\/wp\/v2\/posts\/62177","targetHints":{"allow":["GET"]}}],"collection":[{"href":"http:\/\/argentinamunicipal.com.ar\/argentina\/wp-json\/wp\/v2\/posts"}],"about":[{"href":"http:\/\/argentinamunicipal.com.ar\/argentina\/wp-json\/wp\/v2\/types\/post"}],"author":[{"embeddable":true,"href":"http:\/\/argentinamunicipal.com.ar\/argentina\/wp-json\/wp\/v2\/users\/2"}],"replies":[{"embeddable":true,"href":"http:\/\/argentinamunicipal.com.ar\/argentina\/wp-json\/wp\/v2\/comments?post=62177"}],"version-history":[{"count":0,"href":"http:\/\/argentinamunicipal.com.ar\/argentina\/wp-json\/wp\/v2\/posts\/62177\/revisions"}],"wp:featuredmedia":[{"embeddable":true,"href":"http:\/\/argentinamunicipal.com.ar\/argentina\/wp-json\/wp\/v2\/media\/62178"}],"wp:attachment":[{"href":"http:\/\/argentinamunicipal.com.ar\/argentina\/wp-json\/wp\/v2\/media?parent=62177"}],"wp:term":[{"taxonomy":"category","embeddable":true,"href":"http:\/\/argentinamunicipal.com.ar\/argentina\/wp-json\/wp\/v2\/categories?post=62177"},{"taxonomy":"post_tag","embeddable":true,"href":"http:\/\/argentinamunicipal.com.ar\/argentina\/wp-json\/wp\/v2\/tags?post=62177"}],"curies":[{"name":"wp","href":"https:\/\/api.w.org\/{rel}","templated":true}]}}