{"id":62189,"date":"2017-04-27T07:27:31","date_gmt":"2017-04-27T10:27:31","guid":{"rendered":"http:\/\/argentinamunicipal.com.ar\/argentina\/?p=62189"},"modified":"2017-04-27T07:27:31","modified_gmt":"2017-04-27T10:27:31","slug":"empleo-aun-estancado","status":"publish","type":"post","link":"http:\/\/argentinamunicipal.com.ar\/argentina\/empleo-aun-estancado\/","title":{"rendered":"El empleo a\u00fan estancado"},"content":{"rendered":"<p>Los propios funcionarios del Ministerio de Trabajo reconocen que no hubo creaci\u00f3n de nuevos empleos sino regularizaci\u00f3n de la situaci\u00f3n laboral a trav\u00e9s del registro de monotributistas para cobrar la AUH.<\/p>\n<p>Durante febrero la cantidad de trabajadores registrados en la actividad privada, el sector p\u00fablico y el monotributo social anot\u00f3 un aumento mensual de 11.200 trabajadores registrados totales que, sin contemplar los efectos estacionales, asciende hasta 19.200 empleos. Los datos publicados ayer por el Ministerio de Trabajo que relevan un universo de 12 millones de trabajadores no reflejan la reactivaci\u00f3n promocionada por la Casa Rosada. El factor m\u00e1s importante para ese comportamiento es la incorporaci\u00f3n de 19.400 nuevos monotributistas. Los propios funcionarios de la cartera conducida por Jorge Triaca reconocen que no se trata de creaci\u00f3n de nuevos empleos sino de un proceso de regularizaci\u00f3n de la situaci\u00f3n laboral a trav\u00e9s de esa modalidad. El fen\u00f3meno responde a la extensi\u00f3n de la Asignaci\u00f3n Universal por Hijo a ese universo de trabajadores en abril del a\u00f1o pasado. El resto de los sectores que muestran mejoras tambi\u00e9n est\u00e1n directamente vinculadas al gasto e inversi\u00f3n estatal: empleo p\u00fablico y la construcci\u00f3n asociada a una incipiente reactivaci\u00f3n en la obra p\u00fablica.<\/p>\n<p>El segundo elemento m\u00e1s relevante a la hora de explicar la mejora mensual que entusiasma a los funcionarios del Gobierno de Mauricio Macri es el empleo p\u00fablico. En ese sector donde las autoridades nacionales exigen a provincias y municipios que moderen su expansi\u00f3n para controlar el d\u00e9ficit fiscal se observ\u00f3 un retroceso de 10.400 puestos pero que, sin los efectos estacionales, representa un adicional mensual de 4100 trabajadores. Por su parte, la actividad privada contabiliz\u00f3 un aumento mensual de 6400 empleos que, sin los elementos estacionales, se traduce en una peque\u00f1a contracci\u00f3n de 400 puestos. Los registros del Sistema Integrado Previsional Argentino (SIPA) muestran que las t\u00edmidas mejoras est\u00e1n concentradas en la construcci\u00f3n y el agro mientras que las actividades m\u00e1s relevantes \u2013industrias manufactureras y comercios\u2013 no levantan. Cuando se observan los datos sin los efectos estacionales muestran un alza de 3800 puestos en la construcci\u00f3n.<\/p>\n<p>En la comparaci\u00f3n interanual los registros administrativos de los sistemas de la AFIP dan cuenta una mejora 142.700 puestos que tiene una explicaci\u00f3n similar a la variaci\u00f3n mensual: aumento en la cantidad de monotributistas, m\u00e1s empleados p\u00fablicos y un importante incremento en la cantidad de monotributistas sociales. Las estad\u00edsticas oficiales reflejan que, a lo largo de los \u00faltimos meses, se fren\u00f3 el proceso de destrucci\u00f3n masiva de empleo asalariado registrado que caracteriz\u00f3 a los primeros nueve meses del gobierno, pero los datos difundidos ayer no respaldan el relato oficial sobre la recuperaci\u00f3n laboral. Los niveles de ocupaci\u00f3n en la actividad privada siguen siendo inferiores a los que hered\u00f3 el gobierno de Mauricio Macri. Entre que Mauricio Macri asumi\u00f3 la presidencia y diciembre del a\u00f1o pasado la contracci\u00f3n del empleo formal en el sector privado lleg\u00f3 a 66.390 puestos. Pero la ca\u00edda lleg\u00f3 a ser m\u00e1s profunda. Hasta julio de 2016, el punto m\u00e1s bajo en los registros bajo la gesti\u00f3n macrista, la merma era de 130.653 empleos. En febrero, el dato publicado ayer, la merma era de 46.152 asalariados registrados.<\/p>\n<p>Las autoridades de la cartera laboral publicaron ayer la Encuesta de Indicadores Laborales (EIL) que, durante el primer trimestre del a\u00f1o, mostr\u00f3 una leve variaci\u00f3n positiva de 0,3 por ciento respecto al per\u00edodo octubre-diciembre de 2016 y una reducci\u00f3n de 0,3 por ciento en comparaci\u00f3n al mismo trimestre del a\u00f1o pasado. Ese desempe\u00f1o est\u00e1 explicado por un alza en la construcci\u00f3n de 3,1 por ciento mientras que la industria cedi\u00f3 1,0 por ciento en el per\u00edodo. El indicador que permite anticipar el comportamiento del empleo registr\u00f3 en marzo un t\u00edmido aumento de 0,1 por ciento y en la comparaci\u00f3n interanual no mostr\u00f3 cambios. Los datos mensuales sectoriales muestran un aumento de 2,2 por ciento en la construcci\u00f3n y un alza de 1,0 por ciento en la rama servicios comunales, sociales y personales donde tienen peso el sector de la educaci\u00f3n privada. El resto de los sectores leves registraron ca\u00eddas mensuales en marzo.<\/p>\n<h6>Fuente: P\u00e1gina 12<\/h6>\n","protected":false},"excerpt":{"rendered":"<p>Los propios funcionarios del Ministerio de Trabajo reconocen que no hubo creaci\u00f3n de nuevos empleos sino regularizaci\u00f3n de la situaci\u00f3n laboral a trav\u00e9s del registro de monotributistas para cobrar la AUH.<\/p>\n","protected":false},"author":2,"featured_media":62190,"comment_status":"closed","ping_status":"closed","sticky":false,"template":"","format":"standard","meta":{"footnotes":""},"categories":[8],"tags":[21],"class_list":["post-62189","post","type-post","status-publish","format-standard","has-post-thumbnail","hentry","category-informe-nacional","tag-argentina"],"_links":{"self":[{"href":"http:\/\/argentinamunicipal.com.ar\/argentina\/wp-json\/wp\/v2\/posts\/62189","targetHints":{"allow":["GET"]}}],"collection":[{"href":"http:\/\/argentinamunicipal.com.ar\/argentina\/wp-json\/wp\/v2\/posts"}],"about":[{"href":"http:\/\/argentinamunicipal.com.ar\/argentina\/wp-json\/wp\/v2\/types\/post"}],"author":[{"embeddable":true,"href":"http:\/\/argentinamunicipal.com.ar\/argentina\/wp-json\/wp\/v2\/users\/2"}],"replies":[{"embeddable":true,"href":"http:\/\/argentinamunicipal.com.ar\/argentina\/wp-json\/wp\/v2\/comments?post=62189"}],"version-history":[{"count":0,"href":"http:\/\/argentinamunicipal.com.ar\/argentina\/wp-json\/wp\/v2\/posts\/62189\/revisions"}],"wp:featuredmedia":[{"embeddable":true,"href":"http:\/\/argentinamunicipal.com.ar\/argentina\/wp-json\/wp\/v2\/media\/62190"}],"wp:attachment":[{"href":"http:\/\/argentinamunicipal.com.ar\/argentina\/wp-json\/wp\/v2\/media?parent=62189"}],"wp:term":[{"taxonomy":"category","embeddable":true,"href":"http:\/\/argentinamunicipal.com.ar\/argentina\/wp-json\/wp\/v2\/categories?post=62189"},{"taxonomy":"post_tag","embeddable":true,"href":"http:\/\/argentinamunicipal.com.ar\/argentina\/wp-json\/wp\/v2\/tags?post=62189"}],"curies":[{"name":"wp","href":"https:\/\/api.w.org\/{rel}","templated":true}]}}