{"id":62192,"date":"2017-04-27T06:28:53","date_gmt":"2017-04-27T09:28:53","guid":{"rendered":"http:\/\/argentinamunicipal.com.ar\/argentina\/?p=62192"},"modified":"2017-04-27T07:31:12","modified_gmt":"2017-04-27T10:31:12","slug":"quieren-los-cesanteados-tengan-puntos-extras-concurso-municipal-rio-cuarto","status":"publish","type":"post","link":"http:\/\/argentinamunicipal.com.ar\/argentina\/quieren-los-cesanteados-tengan-puntos-extras-concurso-municipal-rio-cuarto\/","title":{"rendered":"Quieren que los cesanteados tengan puntos extras en el concurso municipal de R\u00edo Cuarto"},"content":{"rendered":"<p>El bloque de concejales de Cambiemos busca modificar el r\u00e9gimen de cobertura de vacantes. Pretenden que se les duplique la calificaci\u00f3n por antig\u00fcedad a los aspirantes con experiencia en el Estado local<\/p>\n<p>El bloque de concejales de Cambiemos present\u00f3 un proyecto para modificar la ordenanza que fij\u00f3 el r\u00e9gimen de concursos p\u00fablicos para la cobertura de vacantes en Municipio. La bancada opositora sostiene que se debe corregir el c\u00f3mputo de la antig\u00fcedad en los cargos de la funci\u00f3n p\u00fablica, para que cobre m\u00e1s valor la experiencia dentro de \u00e1reas del Estado local, por encima de los antecedentes de los aspirantes en la Provincia y la Naci\u00f3n.<\/p>\n<p>La primera minor\u00eda del Concejo busca con esta iniciativa asegurar que los excontratados que quedaron cesantes el a\u00f1o pasado, durante los primeros meses de la gesti\u00f3n Llamosas, tengan mejores oportunidades en el concurso p\u00fablico para cubrir cargos vacantes en la Comuna.<\/p>\n<p>Adem\u00e1s, recuerdan que, en declaraciones p\u00fablicas, las autoridades municipales hab\u00edan prometido contemplar en especial la experiencia de los m\u00e1s de 200 trabajadores que en agosto quedaron en la calle.<\/p>\n<p>En rigor, el proyecto del bloque de Cambiemos, firmado por su jefe, Carlos Ord\u00f3\u00f1ez, y por las concejalas Alicia Panza y Vilma Sabarini, propone modificar \u201cel puntaje establecido en el art\u00edculo 60 inciso C de la ordenanza 164\/16\u201d, que pondera la antig\u00fcedad en el cargo y le asigna un puntaje.<\/p>\n<p>La norma aprobada a fines del a\u00f1o pasado considera el tiempo de trabajo en la administraci\u00f3n p\u00fablica, pero no hace diferencias entre la Municipalidad, la Provincia o el Estado nacional. Por eso, la propuesta del bloque opositor es que se les d\u00e9 prioridad en este punto a los trabajadores que fueron desocupados y a cualquier otro con experiencia laboral en la Comuna.<\/p>\n<p>Doble puntaje a quienes\u00a0trabajaron en el Municipio<\/p>\n<p>El proyecto, que ya fue presentado en el Concejo Deliberante, sostiene que la Comuna debe valorar en forma diferenciada a los excontratados porque \u201chan sido parte de la administraci\u00f3n local, lo cual implica que el Estado ha invertido recursos econ\u00f3micos y tiempo en su capacitaci\u00f3n, conocen acabadamente los procedimientos, normas y el funcionamiento del Municipio\u201d.<\/p>\n<p>En tal sentido, proponen que los aspirantes con antecedentes laborales dentro del Municipio dupliquen en puntaje a quienes tengan experiencia en otro estamento de la administraci\u00f3n p\u00fablica. Por ejemplo, los aspirantes de 2 y hasta 4 a\u00f1os de trabajo en el Estado provincial o nacional recibir\u00edan 2 puntos, mientras que los que tengan experiencia en la administraci\u00f3n p\u00fablica local recibir\u00e1n 4.<\/p>\n<p>Ese mismo esquema se replica en los diferentes tramos. Al final de esa pir\u00e1mide, un aspirante con antecedentes en la Provincia o la Naci\u00f3n, con m\u00e1s de veinte a\u00f1os de antig\u00fcedad en su puesto, recibir\u00eda 9 puntos; mientras que uno que tenga similar experiencia de trabajo en el Municipio recibir\u00eda 18.<\/p>\n<p>Por su parte, el concejal del bloque de Cambiemos Mart\u00edn Carranza se mostr\u00f3 preocupado por la sucesiva postergaci\u00f3n del llamado a concurso, que hab\u00eda sido anunciado primeramente para fines del a\u00f1o pasado, luego para febrero, marzo y ahora para mayo de este a\u00f1o. \u201cTodav\u00eda no hay informaci\u00f3n clara y precisa y por eso instamos a que el Ejecutivo haga una convocatoria con prolijidad, porque hay muchas personas que tienen la intenci\u00f3n de participar\u201d, apunt\u00f3.<\/p>\n<h6>Fuente: El Puntal<\/h6>\n","protected":false},"excerpt":{"rendered":"<p>El bloque de concejales de Cambiemos busca modificar el r\u00e9gimen de cobertura de vacantes. Pretenden que se les duplique la calificaci\u00f3n por antig\u00fcedad a los aspirantes con experiencia en el Estado local<\/p>\n","protected":false},"author":2,"featured_media":62193,"comment_status":"closed","ping_status":"closed","sticky":false,"template":"","format":"standard","meta":{"footnotes":""},"categories":[7],"tags":[3],"class_list":["post-62192","post","type-post","status-publish","format-standard","has-post-thumbnail","hentry","category-informe-sindical","tag-cordoba"],"_links":{"self":[{"href":"http:\/\/argentinamunicipal.com.ar\/argentina\/wp-json\/wp\/v2\/posts\/62192","targetHints":{"allow":["GET"]}}],"collection":[{"href":"http:\/\/argentinamunicipal.com.ar\/argentina\/wp-json\/wp\/v2\/posts"}],"about":[{"href":"http:\/\/argentinamunicipal.com.ar\/argentina\/wp-json\/wp\/v2\/types\/post"}],"author":[{"embeddable":true,"href":"http:\/\/argentinamunicipal.com.ar\/argentina\/wp-json\/wp\/v2\/users\/2"}],"replies":[{"embeddable":true,"href":"http:\/\/argentinamunicipal.com.ar\/argentina\/wp-json\/wp\/v2\/comments?post=62192"}],"version-history":[{"count":0,"href":"http:\/\/argentinamunicipal.com.ar\/argentina\/wp-json\/wp\/v2\/posts\/62192\/revisions"}],"wp:featuredmedia":[{"embeddable":true,"href":"http:\/\/argentinamunicipal.com.ar\/argentina\/wp-json\/wp\/v2\/media\/62193"}],"wp:attachment":[{"href":"http:\/\/argentinamunicipal.com.ar\/argentina\/wp-json\/wp\/v2\/media?parent=62192"}],"wp:term":[{"taxonomy":"category","embeddable":true,"href":"http:\/\/argentinamunicipal.com.ar\/argentina\/wp-json\/wp\/v2\/categories?post=62192"},{"taxonomy":"post_tag","embeddable":true,"href":"http:\/\/argentinamunicipal.com.ar\/argentina\/wp-json\/wp\/v2\/tags?post=62192"}],"curies":[{"name":"wp","href":"https:\/\/api.w.org\/{rel}","templated":true}]}}