{"id":62195,"date":"2017-04-27T07:34:49","date_gmt":"2017-04-27T10:34:49","guid":{"rendered":"http:\/\/argentinamunicipal.com.ar\/argentina\/?p=62195"},"modified":"2017-04-27T07:34:49","modified_gmt":"2017-04-27T10:34:49","slug":"villa-maria-sede-la-unesco","status":"publish","type":"post","link":"http:\/\/argentinamunicipal.com.ar\/argentina\/villa-maria-sede-la-unesco\/","title":{"rendered":"Villa Mar\u00eda es sede de la Unesco"},"content":{"rendered":"<p>La primera reuni\u00f3n de Ciudades del Aprendizaje de Am\u00e9rica Latina y el Caribe, de la Unesco, comienza hoy en esta ciudad y se extender\u00e1 hasta el viernes<\/p>\n<p>\u201cAprender a vivir de manera sostenible en las ciudades\u201d, ser\u00e1 el eje vertebrador del encuentro que congregar\u00e1 a representantes de 40 localidades de m\u00e1s de 20 pa\u00edses para delinear estrategias de educaci\u00f3n y aprendizaje. Las conclusiones del encuentro ser\u00e1n plasmadas en un documento y formar\u00e1n parte de la agenda de la reuni\u00f3n mundial de la red de Unesco (Organizaci\u00f3n de las Naciones Unidas para la Educaci\u00f3n, la Ciencia y la Cultura), que se realizar\u00e1 en Cork, Irlanda, en septiembre.<\/p>\n<p>\u201cDurante tres d\u00edas podremos pensar, compartir experiencias y encontrar caminos de desarrollo en materia de educaci\u00f3n. Con los esfuerzos asociados de todos los sectores vamos a lograr un resultado de mejores oportunidades y mayor calidad de vida para nuestra gente\u201d, asegur\u00f3 el intendente Mart\u00edn Gill, quien tambi\u00e9n explic\u00f3 el orgullo que significa para una ciudad del \u201cinterior del interior\u201d ser sede del c\u00f3nclave.<\/p>\n<p>Villa Mar\u00eda integra la Red de Ciudades del Aprendizaje, y es la primera de Argentina en ser distinguida como tal, junto a otras 16 de distintas partes del mundo. El reconocimiento fue comunicado por Unesco en enero de este a\u00f1o, y la ciudad recibir\u00e1 la premiaci\u00f3n en septiembre, en el marco de un encuentro que se realizar\u00e1 en la citada ciudad irlandesa.<\/p>\n<p><strong>Desde d\u00f3nde vienen<\/strong><\/p>\n<p>Para estas deliberaciones que comienzan hoy en Villa Mar\u00eda ya confirmaron su presencia representantes de 40 ciudades de m\u00e1s de una veintena de pa\u00edses, entre los que se cuentan\u00a0\u00a0 Bolivia, Brasil, Colombia, Costa Rica, Rep\u00fablica Dominicana, Jamaica, M\u00e9xico, Nicaragua, Panam\u00e1, Per\u00fa, Puerto Rico, Chile, Alemania, Honduras, Bahamas, Ecuador, Irlanda, Paraguay, Reino Unido y Sint Marteen.<\/p>\n<p>Las jornadas se llevar\u00e1n adelante en las instalaciones del Amerian Park Hotel, en la salida hacia la autopista C\u00f3rdoba-Rosario sobre la ruta 158.<\/p>\n<p>Hoy a las 9.30 tendr\u00e1 lugar la apertura. Las palabras de bienvenida a los presentes las dar\u00e1n Ra\u00fal Vald\u00e9s Cotera, del Instituto de la Unesco para el \u201cAprendizaje a lo largo de toda la vida\u201d; Atilio Pizarro, de la Oficina Regional de Educaci\u00f3n de la Unesco para Am\u00e9rica Latina y el Caribe; Gill, como intendente de la ciudad anfitriona, adem\u00e1s de un representante del Gobierno de la Provincia de C\u00f3rdoba y otro del Ministerio de Educaci\u00f3n de la Naci\u00f3n.<\/p>\n<p><strong>Hoy, tres ejes<\/strong><\/p>\n<p>Luego de la introducci\u00f3n al encuentro, comenzar\u00e1n las sesiones plenarias, bajo la premisa de \u201cC\u00f3mo la educaci\u00f3n y el aprendizaje pueden fomentar ciudades sostenibles y poblaciones inclusivas\u201d. En tal direcci\u00f3n se expondr\u00e1 y debatir\u00e1 acerca de:<\/p>\n<p>-Respetar y salvaguardar nuestro planeta.<\/p>\n<p>-Las ciudades como un entorno favorable para el aprendizaje y la educaci\u00f3n en el direccionamiento de los Objetivos del Desarrollo Sostenible (ODS).<\/p>\n<p>-Fortalecer la solidaridad para lograr los ODS.<\/p>\n<p>En cada una de ellas habr\u00e1 un disertante principal y dos panelistas, para dar paso luego al debate y las conclusiones.<\/p>\n<p><strong>Ma\u00f1ana<\/strong><\/p>\n<p>El jueves 27, en tanto, se concretar\u00e1n en paralelo dos instancias con el aporte de disertantes de distintos pa\u00edses: el Taller Regional del Programa de Acci\u00f3n Mundial (cuyas siglas en ingl\u00e9s son GAP) sobre Educaci\u00f3n para el desarrollo sostenible en ciudades de Am\u00e9rica Latina y el Caribe, y el Encuentro de Ciudades del Aprendizaje de Am\u00e9rica Latina y el Caribe.<\/p>\n<p>En el primero, se abordar\u00e1n tem\u00e1ticas relacionadas al potencial de la educaci\u00f3n para fomentar sociedades justas e inclusivas, dignidad e igualdad en ambientes saludables, crecimiento econ\u00f3mico sostenible y sustentable e intercambio de buenas pr\u00e1cticas en las localidades.<\/p>\n<p>En el segundo, y con eje en el aprendizaje a lo largo de toda la vida, habr\u00e1 paneles sobre ciudades pac\u00edficas e inclusivas, estrategias para promover vidas saludables y bienestar en todas las edades, empleo productivo, y tambi\u00e9n intercambio de experiencias de las ciudades participantes.<\/p>\n<p>Y finalmente, el viernes 28, los representantes de la red realizar\u00e1n una visita a la Universidad Nacional de Villa Mar\u00eda y al polo cultural del Parque de la Vida. En este \u00faltimo espacio el objetivo ser\u00e1 dar a conocer las actividades que se promueven tanto en la Medioteca y Biblioteca Mariano Moreno, la Tecnoteca y el Centro Cultural Comunitario Leonardo Favio.<\/p>\n<p>Adem\u00e1s de los representantes de las localidades miembro de Unesco, se cursaron invitaciones a intendentes, senadores, diputados, legisladores y representantes de los ministerios de Educaci\u00f3n de la Naci\u00f3n, de C\u00f3rdoba y de otras provincias. El encuentro, adem\u00e1s, cuenta con el benepl\u00e1cito del Concejo Deliberante local (ver p\u00e1gina 4).<\/p>\n<p>Tres jornadas que comienzan a vivirse desde hoy, para llevar propuestas desde el Cono Sur al Hemisferio Norte, cuando en septiembre el debate tenga lugar en Irlanda.<\/p>\n<h6>Fuente: El Diario del Centro del Pa\u00eds<\/h6>\n","protected":false},"excerpt":{"rendered":"<p>La primera reuni\u00f3n de Ciudades del Aprendizaje de Am\u00e9rica Latina y el Caribe, de la Unesco, comienza hoy en esta ciudad y se extender\u00e1 hasta el viernes<\/p>\n","protected":false},"author":2,"featured_media":62196,"comment_status":"closed","ping_status":"closed","sticky":false,"template":"","format":"standard","meta":{"footnotes":""},"categories":[2],"tags":[3],"class_list":["post-62195","post","type-post","status-publish","format-standard","has-post-thumbnail","hentry","category-informe-municipal","tag-cordoba"],"_links":{"self":[{"href":"http:\/\/argentinamunicipal.com.ar\/argentina\/wp-json\/wp\/v2\/posts\/62195","targetHints":{"allow":["GET"]}}],"collection":[{"href":"http:\/\/argentinamunicipal.com.ar\/argentina\/wp-json\/wp\/v2\/posts"}],"about":[{"href":"http:\/\/argentinamunicipal.com.ar\/argentina\/wp-json\/wp\/v2\/types\/post"}],"author":[{"embeddable":true,"href":"http:\/\/argentinamunicipal.com.ar\/argentina\/wp-json\/wp\/v2\/users\/2"}],"replies":[{"embeddable":true,"href":"http:\/\/argentinamunicipal.com.ar\/argentina\/wp-json\/wp\/v2\/comments?post=62195"}],"version-history":[{"count":0,"href":"http:\/\/argentinamunicipal.com.ar\/argentina\/wp-json\/wp\/v2\/posts\/62195\/revisions"}],"wp:featuredmedia":[{"embeddable":true,"href":"http:\/\/argentinamunicipal.com.ar\/argentina\/wp-json\/wp\/v2\/media\/62196"}],"wp:attachment":[{"href":"http:\/\/argentinamunicipal.com.ar\/argentina\/wp-json\/wp\/v2\/media?parent=62195"}],"wp:term":[{"taxonomy":"category","embeddable":true,"href":"http:\/\/argentinamunicipal.com.ar\/argentina\/wp-json\/wp\/v2\/categories?post=62195"},{"taxonomy":"post_tag","embeddable":true,"href":"http:\/\/argentinamunicipal.com.ar\/argentina\/wp-json\/wp\/v2\/tags?post=62195"}],"curies":[{"name":"wp","href":"https:\/\/api.w.org\/{rel}","templated":true}]}}