{"id":62201,"date":"2017-04-27T06:00:26","date_gmt":"2017-04-27T09:00:26","guid":{"rendered":"http:\/\/argentinamunicipal.com.ar\/argentina\/?p=62201"},"modified":"2017-04-27T07:50:57","modified_gmt":"2017-04-27T10:50:57","slug":"al-estudio-al-trabajo-la-ciudad-cordoba","status":"publish","type":"post","link":"http:\/\/argentinamunicipal.com.ar\/argentina\/al-estudio-al-trabajo-la-ciudad-cordoba\/","title":{"rendered":"\u201cS\u00ed al Estudio, S\u00ed al Trabajo\u201d en la ciudad de C\u00f3rdoba"},"content":{"rendered":"<p>El \u201cS\u00ed S\u00ed\u201d es un programa de la Municipalidad de C\u00f3rdoba. Se estima que m\u00e1s de 20 mil vecinos tendr\u00e1n la posibilidad de formarse y de realizar pr\u00e1cticas laborales rentadas.<\/p>\n<p>En la ciudad de C\u00f3rdoba existe un porcentaje importante de j\u00f3venes de 15 a 24 a\u00f1os que no estudia, no trabaja y no busca trabajo. Esta problem\u00e1tica se la conoce como \u00abGeneraci\u00f3n Ni Ni\u00bb, que incluye a los vecinos que no se encuentran ni en el aula ni en el trabajo.<\/p>\n<p>Como respuesta a esa demanda, y para brindar oportunidades para los vecinos, en especial para los j\u00f3venes de la ciudad de C\u00f3rdoba, la Municipalidad de C\u00f3rdoba puso en marcha el programa \u201cS\u00ed al Estudio, S\u00ed al Trabajo\u201d, que busca acompa\u00f1ar a esta franja etaria con pol\u00edticas p\u00fablicas que generen oportunidades reales de formaci\u00f3n e inserci\u00f3n laboral.<\/p>\n<p>El programa, que est\u00e1 destinado a los vecinos mayores de 16 a\u00f1os, incluye el dictado con la modalidad de cursado presencial de 25 especialidades de r\u00e1pida inserci\u00f3n laboral, de hasta un a\u00f1o de duraci\u00f3n. Durante el a\u00f1o 2016, a trav\u00e9s del programa \u201cS\u00ed S\u00ed\u201d, 10 mil vecinos tuvieron la posibilidad de formarse, de buscar su oportunidad para insertarse en el mercado laboral, de adquirir conocimientos. Un 80% de ellos fueron j\u00f3venes y el resto, personas con discapacidad y mujeres v\u00edctimas de violencia de g\u00e9nero.<\/p>\n<p>\u201cComo respuesta a ese Ni-Ni del que tanto se habl\u00f3, la gesti\u00f3n municipal, con recursos propios, sali\u00f3 a responder con un S\u00ed-S\u00ed. Nuestros j\u00f3venes son el futuro, pero tambi\u00e9n el presente, y las oportunidades las tenemos que generar hoy, ahora\u201d, se\u00f1al\u00f3 el intendente Ram\u00f3n Javier Mestre.<\/p>\n<p>&nbsp;<\/p>\n<p><strong>\u00abS\u00ed S\u00ed Virtual\u00bb<\/strong><\/p>\n<p>Este a\u00f1o, y con el fin de potenciar el programa que ten\u00eda s\u00f3lo una versi\u00f3n presencial, el municipio lanz\u00f3 el \u201cS\u00ed S\u00ed Virtual\u201d, que genera la posibilidad de que los ciudadanos, en especial los j\u00f3venes, puedan formarse a trav\u00e9s de una computadora. As\u00ed se fortalece la \u201ccapital social\u201d, donde el municipio, a trav\u00e9s de 2.600 nodos de participaci\u00f3n y de lazos colaborativos con organizaciones, despliega todo su potencial.<\/p>\n<p>Con la versi\u00f3n virtual de este programa, la Municipalidad de C\u00f3rdoba trabaja en la democratizaci\u00f3n del conocimiento dando oportunidades a aquellos que no pueden concurrir de manera presencial a un curso, para que puedan formarse desde el lugar donde se encuentren. Esto refleja la idea de la democracia del saber, del acceso a la formaci\u00f3n.<\/p>\n<p>Hasta el momento, son cinco mil los vecinos que se han inscripto en la modalidad virtual.<\/p>\n<p><strong>\u00a1Ya est\u00e1n en marcha 22 capacitaciones!<\/strong><\/p>\n<p>La Municipalidad de C\u00f3rdoba, en la actualidad, tiene una oferta de 22 capacitaciones; entre ellas se destacan Administraci\u00f3n de Redes Sociales, Equipos de trabajo, Introducci\u00f3n a la Gesti\u00f3n de Proyectos, Liderazgo y Conducci\u00f3n, Comunicaci\u00f3n efectiva, Responsabilidad Social Empresaria, entre otras.<\/p>\n<p>Se estima que, para fin de a\u00f1o, la Municipalidad podr\u00eda capacitar, en total, a 20 mil vecinos. La meta es el desarrollo de 70 cursos, con unas 10 cohortes cada uno. Los interesados pueden inscribirse desde la web del municipio ingresando al men\u00fa \u201cProgramas\u201d y de all\u00ed a \u201cEmpleo y Capacitaci\u00f3n\u201d o haciendo clic ac\u00e1.<\/p>\n<p>El 10 de mayo se va a realizar un nuevo llamado de inscripci\u00f3n.<\/p>\n<p><strong>Pr\u00e1cticas laborales rentadas<\/strong><\/p>\n<p>Los vecinos tienen la posibilidad de realizar pr\u00e1cticas laborales rentadas, que tienen una duraci\u00f3n de seis meses. Est\u00e1n destinadas a j\u00f3venes de 18 a 24 a\u00f1os. Como requisito para acceder a estas pr\u00e1cticas laborales, los aspirantes tienen que haber realizado cursos de formaci\u00f3n de la Oficina de Empleo del municipio.<\/p>\n<p>Desde el municipio se inform\u00f3 que, actualmente, se entregan los formularios a los aspirantes y que se realizan unas 700 pr\u00e1cticas laborales por mes. Quienes acceden a ellas cobran 3.600 pesos por mes. Estas pr\u00e1cticas laborales rentadas cuentan con la homologaci\u00f3n del Gobierno nacional.<\/p>\n<h6>Fuente: La Voz<\/h6>\n","protected":false},"excerpt":{"rendered":"<p>El \u201cS\u00ed S\u00ed\u201d es un programa de la Municipalidad de C\u00f3rdoba. Se estima que m\u00e1s de 20 mil vecinos tendr\u00e1n la posibilidad de formarse y de realizar pr\u00e1cticas laborales rentadas.<\/p>\n","protected":false},"author":2,"featured_media":62202,"comment_status":"closed","ping_status":"closed","sticky":false,"template":"","format":"standard","meta":{"footnotes":""},"categories":[2],"tags":[3],"class_list":["post-62201","post","type-post","status-publish","format-standard","has-post-thumbnail","hentry","category-informe-municipal","tag-cordoba"],"_links":{"self":[{"href":"http:\/\/argentinamunicipal.com.ar\/argentina\/wp-json\/wp\/v2\/posts\/62201","targetHints":{"allow":["GET"]}}],"collection":[{"href":"http:\/\/argentinamunicipal.com.ar\/argentina\/wp-json\/wp\/v2\/posts"}],"about":[{"href":"http:\/\/argentinamunicipal.com.ar\/argentina\/wp-json\/wp\/v2\/types\/post"}],"author":[{"embeddable":true,"href":"http:\/\/argentinamunicipal.com.ar\/argentina\/wp-json\/wp\/v2\/users\/2"}],"replies":[{"embeddable":true,"href":"http:\/\/argentinamunicipal.com.ar\/argentina\/wp-json\/wp\/v2\/comments?post=62201"}],"version-history":[{"count":0,"href":"http:\/\/argentinamunicipal.com.ar\/argentina\/wp-json\/wp\/v2\/posts\/62201\/revisions"}],"wp:featuredmedia":[{"embeddable":true,"href":"http:\/\/argentinamunicipal.com.ar\/argentina\/wp-json\/wp\/v2\/media\/62202"}],"wp:attachment":[{"href":"http:\/\/argentinamunicipal.com.ar\/argentina\/wp-json\/wp\/v2\/media?parent=62201"}],"wp:term":[{"taxonomy":"category","embeddable":true,"href":"http:\/\/argentinamunicipal.com.ar\/argentina\/wp-json\/wp\/v2\/categories?post=62201"},{"taxonomy":"post_tag","embeddable":true,"href":"http:\/\/argentinamunicipal.com.ar\/argentina\/wp-json\/wp\/v2\/tags?post=62201"}],"curies":[{"name":"wp","href":"https:\/\/api.w.org\/{rel}","templated":true}]}}