{"id":62207,"date":"2017-04-27T05:54:42","date_gmt":"2017-04-27T08:54:42","guid":{"rendered":"http:\/\/argentinamunicipal.com.ar\/argentina\/?p=62207"},"modified":"2017-04-27T08:00:04","modified_gmt":"2017-04-27T11:00:04","slug":"puerto-madryn-advierten-la-perdida-empleos-goteo-sector-comercial","status":"publish","type":"post","link":"http:\/\/argentinamunicipal.com.ar\/argentina\/puerto-madryn-advierten-la-perdida-empleos-goteo-sector-comercial\/","title":{"rendered":"Puerto Madryn: Advierten por la p\u00e9rdida de empleos por goteo en el sector comercial"},"content":{"rendered":"<p>Entre febrero y marzo hubo una veintena de despidos en el sector del comercio de Puerto Madryn, seg\u00fan afirman representantes del Sindicato Empleados de Comercio. A los denominados \u201cdespidos por goteo\u201d y los \u201cacuerdos de parte\u201d entre empleados y empleadores, existe un indicador m\u00e1s alarmante, y es que pese a percibir la correspondiente indemnizaci\u00f3n, ninguno de los trabajadores despedidos durante los \u00faltimos dos meses ha logrado reingresar al mercado de laboral; ello, en un contexto econ\u00f3mico nacional complejo y sin vistas de un repunte, al menos en lo que hace a los peque\u00f1os y medianos comerciantes.<\/p>\n<p>\u201cEl problema es que, cuando hay despidos en el \u00e1rea de comercio, es porque el resto de los rubros est\u00e1n peor, ya que, por ejemplo, que haya desvinculaciones en sectores como el de la construcci\u00f3n, la miner\u00eda y la pesca, por citar algunos ejemplos, hace que la gente deje de consumir o baje su consumo, algo que impacta de manera directa en nuestro rubro\u201d, indicaron desde el gremio.<\/p>\n<p>Otro de los puntos que es motivo de debate por estos d\u00edas es el trascendido de que la firma Diarco podr\u00eda inaugurar una sucursal en Puerto Madryn, algo que, seg\u00fan el SEC, podr\u00eda generar empleo genuino en el sector para unas veinte o treinta personas.<\/p>\n<p><strong>\u201cHay que buscar el equilibrio\u201d<\/strong><\/p>\n<p>A pesar de que a\u00fan no ingres\u00f3 documentaci\u00f3n de manera oficial al Concejo Deliberante local para el an\u00e1lisis de la posible instalaci\u00f3n de la firma en la ciudad costera, \u201cdesde el Sindicato, habiendo comprobado que hay muchas posibilidades que la empresa venga a la ciudad, vemos con buenos ojos y con agrado a cualquier empresa que venga a instalarse a la ciudad y genere puestos de trabajo, como ser\u00eda el caso de Diarco, con puestos de trabajo genuinos y estables\u201d, afirmaron, aunque aclararon que \u201chay que buscar el equilibrio, a trav\u00e9s de la C\u00e1mara de Comercio, para que ello no perjudique al minorista, al peque\u00f1o comerciante y el empresario de toda la vida de Madryn, que sabemos que est\u00e1 muy perjudicado actualmente, adem\u00e1s de ver que hay un mont\u00f3n de comercios de la ciudad que est\u00e1n cerrando, porque no pueden afrontar los alquileres, las cargas impositivas y las ventas que d\u00eda a d\u00eda vemos que van bajando en los distintos rubros\u201d.<\/p>\n<p>Por otra parte, remarcaron que \u201ctampoco podemos cerrarle las puertas a una empresa que va a ofrecer puestos de trabajo para tanta gente que hoy d\u00eda est\u00e1 buscando y, en el \u00faltimo a\u00f1o y en los \u00faltimos meses, se ha quedado sin trabajo; la prioridad del sindicato ser\u00eda esa, justamente, reinsertar a la gente que est\u00e1 desocupada en el mercado laboral\u201d.<\/p>\n<p><strong>Acuerdos de desvinculaci\u00f3n<\/strong><\/p>\n<p>A su vez, \u201cen la \u00faltima reuni\u00f3n de Comisi\u00f3n Directiva, que tuvo lugar durante la primera semana de abril, realizamos el relevamiento de febrero y marzo, donde tuvimos en Puerto Madryn unos 20 despidos, solamente en el sector de Comercio, y generalmente, cuando en dicho rubro ya hay despidos, es porque el resto de los sectores est\u00e1 muy mal; es una cadena\u201d, mencionaron, agregando que \u201cpor ejemplo, la construcci\u00f3n, la metal\u00fargica, la miner\u00eda, la pesca y ni hablar de Cer\u00e1mica San Lorenzo, cuando estos empiezan a decaer, el \u00faltimo eslab\u00f3n es el de Comercio, y por estos d\u00edas ya estamos viendo c\u00f3mo han aumentado los despidos y las desvinculaciones por acuerdo de partes\u201d.<\/p>\n<p>En este contexto, explicaron que seg\u00fan el art\u00edculo 241 de la Ley de Contrato de Trabajo, se establece que \u201clas partes pueden desvincularse de com\u00fan acuerdo, y el trabajador termina optando por esa opci\u00f3n; en vez del \u2018despido sin causa\u2019, que es lo que corresponder\u00eda, con un pago de indemnizaci\u00f3n en una sola cuota, que es lo que la Ley marca, terminan aceptando el acuerdo, que comprende una indemnizaci\u00f3n de aproximadamente el 60 por ciento, y en cuotas; antes que no cobrar nada e ir a un juicio laboral, que puede durar a\u00f1os, les resulta m\u00e1s conveniente\u201d.<br \/>\nGeneralmente, \u201cles ofrecen una cuota mensual equiparable al salario que ten\u00edan, tal vez un poco m\u00e1s, hasta equiparar el acuerdo de partes, porque ya no ser\u00eda una indemnizaci\u00f3n; se est\u00e1 dando mucho esa modalidad, pero al fin y al cabo, la gente se queda sin trabajo de todos modos y la prioridad del gremio, hoy, es reinsertarla en el mercado\u201d.<\/p>\n<p><strong>Famularo baj\u00f3 las persianas<\/strong><\/p>\n<p>La hist\u00f3rica firma, con casi 30 a\u00f1os de presencia en la ciudad, cerr\u00f3 sus puertas hace pocos meses, dejando a m\u00e1s de una decena de personas sin su fuente laboral.<\/p>\n<p>Sobre esta l\u00ednea, desde el Sindicato Empleados de Comercio mencionaron que \u201cpasaron ex trabajadoras de la empresa por el gremio para controlar sus indemnizaciones, las cuales, en l\u00edneas generales, estaban bien, a excepci\u00f3n de algunas peque\u00f1as diferencias que fueron reclamadas\u201d y lamentaron que \u201cen el momento de preguntarles si ya ten\u00edan en vista la posibilidad de un nuevo trabajo, las 11 personas dijeron que no\u201d.<\/p>\n<p>A su vez, representantes de dicho gremio afirmaron que \u201ctenemos que analizar lo ocurrido en abril\u201d, aunque aclararon que \u201cesas once personas son las que pasaron por el gremio, y seguramente hay m\u00e1s despidos que no pasan por el sindicato, arreglan con su empleador y el gremio no se entera, as\u00ed que hoy nuestra prioridad es abrir todas las posibilidades que haya a nuevos empleos\u201d.<\/p>\n<p><strong>Reuniones con la Camad<\/strong><\/p>\n<p>En otro orden, sostuvieron que \u201cactualmente, el sector minorista no est\u00e1 en condiciones de sostener nuevos empleos, a duras penas puede sostenerse o subsistir con las ventas que tengan\u201d y adelantaron que \u201cel Secretario General (por Alfredo B\u00e9liz) se est\u00e1 reuniendo con la C\u00e1mara de Comercio de Puerto Madryn (Camad), han participado de encuentros y han quedado en trabajar sobre nuevos, para ver qu\u00e9 tipo de oferta se puede hacer a la gente, con el objetivo de reactivar las ventas en la ciudad, aunque el gremio no puede decirle que no a una empresa estable (por Diarco), que va a ofrecer puestos de trabajo genuinos y duraderos, adem\u00e1s de ser una firma que, si le va bien, se va a quedar en Madryn, as\u00ed como est\u00e1 instalada en la localidad de Trelew\u201d.<\/p>\n<p><strong>Ca\u00edda de la actividad comercial<\/strong><\/p>\n<p>El \u00faltimo informe difundido por el \u00cdndice Nacional de Estad\u00edstica y Censos (Indec), \u201cEstimador mensual de la Actividad Econ\u00f3mica (EMAE), precis\u00f3 que la actividad econ\u00f3mica registr\u00f3 una ca\u00edda del 2,2 por ciento para el mes de febrero de este a\u00f1o, citando una baja del 1,9 por ciento con respecto al mes anterior.<\/p>\n<p>Dicha ca\u00edda se enmarca en un mes que, a nivel nacional, se vio regido por los incrementos en las tarifas de electricidad, el aumento de los peajes y la inflaci\u00f3n, estimada en un 26 por ciento para este a\u00f1o.<\/p>\n<p>Incluso, seg\u00fan el propio organismo, la ca\u00edda interanual del sector industrial para el mes de febrero fue del 7,1 por ciento, es decir, con respecto al mismo mes del a\u00f1o 2016, algo que, seg\u00fan expresaron desde el Sindicato Empleados de Comercio, se constituye un impacto directo al rubro comercial, teniendo en cuenta que la baja de la actividad en general y, consecuentemente, la baja en el consumo, conllevan a un faltante de dinero circulante, adem\u00e1s de despidos y un achicamiento del universo comercial, que consecuentemente se ve obligado a elevar sus precios para subsistir, en el caso de los peque\u00f1os y medianos comerciantes.<\/p>\n<p><strong>Ca\u00edda del 4,4% en marzo<\/strong><\/p>\n<p>Por otro lado, las ventas de los comercios minoristas finalizaron el mes de marzo con una ca\u00edda de 4,4 por ciento de manera interanual, seg\u00fan un relevamiento realizado por la Confederaci\u00f3n Argentina de la Mediana Empresa (CAME), y acumulando una baja promedio anual del 3,7 por ciento para el primer trimestre de 2017.<\/p>\n<p>Las ventas en marzo \u201ccontinuaron apagadas, al ritmo de un consumidor que contin\u00faa sintiendo la p\u00e9rdida de poder adquisitivo de sus ingresos, que tiene sus tarjetas cargadas y que est\u00e1 tratando de reordenar sus finanzas personales\u201d, indica el informe, agregando que \u201ctodos los rubros minoristas vieron reducidas sus transacciones pero con fuertes disparidades entre provincias; las m\u00e1s afectadas fueron las lim\u00edtrofes con Chile, Paraguay, Bolivia, Brasil y Uruguay; por ejemplo, mientras en CABA las operaciones cayeron 3,5 por ciento, en C\u00f3rdoba y Santa Fe la baja fue de 1 por ciento, en Mendoza se redujeron casi 11 por ciento, en Misiones se desplomaron 12 por ciento, en Entre R\u00edos declinaron un 9,3 por ciento, y en Santa Cruz lo hicieron un 7,3 por ciento, siempre medidas en cantidades y comparando con igual mes del a\u00f1o anterior\u201d.<\/p>\n<p>En este \u00e1mbito, remarcaron que \u201cfue muy notorio el flujo de argentinos que salieron del territorio nacional para comprar en pa\u00edses vecinos a precios m\u00e1s competitivos que en el mercado local\u201d y que \u201ctambi\u00e9n el comercio ilegal, abastecido en buena medida de mercader\u00eda que ingresa de contrabando por las fronteras, le rest\u00f3 clientes al formal\u201d, agregando que \u201cde todos modos, hay bastante optimismo de que en abril se vea cierto repunte a partir de las decisiones del gobierno de extender el Ahora 12 y al abrir la posibilidad de financiar compras en 3 y 6 cuotas sin inter\u00e9s\u201d, algo que restar\u00e1 evaluar en el pr\u00f3ximo an\u00e1lisis, una vez concluido el mes en curso.<\/p>\n<h6>Fuente: El Diario de Madryn<\/h6>\n","protected":false},"excerpt":{"rendered":"<p>Entre febrero y marzo hubo una veintena de despidos en el sector del comercio de Puerto Madryn, seg\u00fan afirman representantes del Sindicato Empleados de Comercio.<\/p>\n","protected":false},"author":2,"featured_media":62208,"comment_status":"closed","ping_status":"closed","sticky":false,"template":"","format":"standard","meta":{"footnotes":""},"categories":[5],"tags":[14],"class_list":["post-62207","post","type-post","status-publish","format-standard","has-post-thumbnail","hentry","category-informe-economico","tag-chubut"],"_links":{"self":[{"href":"http:\/\/argentinamunicipal.com.ar\/argentina\/wp-json\/wp\/v2\/posts\/62207","targetHints":{"allow":["GET"]}}],"collection":[{"href":"http:\/\/argentinamunicipal.com.ar\/argentina\/wp-json\/wp\/v2\/posts"}],"about":[{"href":"http:\/\/argentinamunicipal.com.ar\/argentina\/wp-json\/wp\/v2\/types\/post"}],"author":[{"embeddable":true,"href":"http:\/\/argentinamunicipal.com.ar\/argentina\/wp-json\/wp\/v2\/users\/2"}],"replies":[{"embeddable":true,"href":"http:\/\/argentinamunicipal.com.ar\/argentina\/wp-json\/wp\/v2\/comments?post=62207"}],"version-history":[{"count":0,"href":"http:\/\/argentinamunicipal.com.ar\/argentina\/wp-json\/wp\/v2\/posts\/62207\/revisions"}],"wp:featuredmedia":[{"embeddable":true,"href":"http:\/\/argentinamunicipal.com.ar\/argentina\/wp-json\/wp\/v2\/media\/62208"}],"wp:attachment":[{"href":"http:\/\/argentinamunicipal.com.ar\/argentina\/wp-json\/wp\/v2\/media?parent=62207"}],"wp:term":[{"taxonomy":"category","embeddable":true,"href":"http:\/\/argentinamunicipal.com.ar\/argentina\/wp-json\/wp\/v2\/categories?post=62207"},{"taxonomy":"post_tag","embeddable":true,"href":"http:\/\/argentinamunicipal.com.ar\/argentina\/wp-json\/wp\/v2\/tags?post=62207"}],"curies":[{"name":"wp","href":"https:\/\/api.w.org\/{rel}","templated":true}]}}