{"id":62210,"date":"2017-04-27T07:01:28","date_gmt":"2017-04-27T10:01:28","guid":{"rendered":"http:\/\/argentinamunicipal.com.ar\/argentina\/?p=62210"},"modified":"2017-04-27T08:03:46","modified_gmt":"2017-04-27T11:03:46","slug":"municipales-gualeguaychu-aceptaron-26-ciento-aumento-salarial-primer-semestre","status":"publish","type":"post","link":"http:\/\/argentinamunicipal.com.ar\/argentina\/municipales-gualeguaychu-aceptaron-26-ciento-aumento-salarial-primer-semestre\/","title":{"rendered":"Municipales de Gualeguaych\u00fa aceptaron un 26 por ciento de aumento salarial para el primer semestre"},"content":{"rendered":"<p>El secretario General del Sindicato de Empleados y Obreros Municipales, Jos\u00e9 Mario L\u00f3pez, inform\u00f3 que llegaron a un acuerdo con el Ejecutivo Municipal y aceptaron un aumento del 26 por ciento, que se efectivizar\u00e1 en tres tramos<\/p>\n<p>L\u00f3pez afirm\u00f3 que \u201ceste martes el Ejecutivo nos envi\u00f3 una propuesta de incremento salarial remunerativo y bonificable de un 17 por ciento a partir del mes de marzo, un 3 por ciento en junio y un 6 por ciento en agosto\u00bb.<\/p>\n<p>Seg\u00fan Radio M\u00e1xima, el dirigente gremial revel\u00f3 que \u00abeste mi\u00e9rcoles por la ma\u00f1ana, los Cuerpos de Delegados y la Comisi\u00f3n Directiva del sindicato analizamos el ofrecimiento y decidimos elevar una contrapropuesta del 18 por ciento para marzo, un 2 por ciento en junio y un 6 por ciento en agosto, lo cual fue aceptado por el Intendente Municipal y estaremos firmando el Acta-Acuerdo en horas del mediod\u00eda de este mi\u00e9rcoles\u201d.<\/p>\n<h6>Fuente: APFDigital<\/h6>\n","protected":false},"excerpt":{"rendered":"<p>El secretario General del Sindicato de Empleados y Obreros Municipales, Jos\u00e9 Mario L\u00f3pez, inform\u00f3 que llegaron a un acuerdo con el Ejecutivo Municipal y aceptaron un aumento del 26 por ciento<\/p>\n","protected":false},"author":2,"featured_media":62211,"comment_status":"closed","ping_status":"closed","sticky":false,"template":"","format":"standard","meta":{"footnotes":""},"categories":[7],"tags":[17],"class_list":["post-62210","post","type-post","status-publish","format-standard","has-post-thumbnail","hentry","category-informe-sindical","tag-entre-rios"],"_links":{"self":[{"href":"http:\/\/argentinamunicipal.com.ar\/argentina\/wp-json\/wp\/v2\/posts\/62210","targetHints":{"allow":["GET"]}}],"collection":[{"href":"http:\/\/argentinamunicipal.com.ar\/argentina\/wp-json\/wp\/v2\/posts"}],"about":[{"href":"http:\/\/argentinamunicipal.com.ar\/argentina\/wp-json\/wp\/v2\/types\/post"}],"author":[{"embeddable":true,"href":"http:\/\/argentinamunicipal.com.ar\/argentina\/wp-json\/wp\/v2\/users\/2"}],"replies":[{"embeddable":true,"href":"http:\/\/argentinamunicipal.com.ar\/argentina\/wp-json\/wp\/v2\/comments?post=62210"}],"version-history":[{"count":0,"href":"http:\/\/argentinamunicipal.com.ar\/argentina\/wp-json\/wp\/v2\/posts\/62210\/revisions"}],"wp:featuredmedia":[{"embeddable":true,"href":"http:\/\/argentinamunicipal.com.ar\/argentina\/wp-json\/wp\/v2\/media\/62211"}],"wp:attachment":[{"href":"http:\/\/argentinamunicipal.com.ar\/argentina\/wp-json\/wp\/v2\/media?parent=62210"}],"wp:term":[{"taxonomy":"category","embeddable":true,"href":"http:\/\/argentinamunicipal.com.ar\/argentina\/wp-json\/wp\/v2\/categories?post=62210"},{"taxonomy":"post_tag","embeddable":true,"href":"http:\/\/argentinamunicipal.com.ar\/argentina\/wp-json\/wp\/v2\/tags?post=62210"}],"curies":[{"name":"wp","href":"https:\/\/api.w.org\/{rel}","templated":true}]}}