{"id":62213,"date":"2017-04-27T07:00:46","date_gmt":"2017-04-27T10:00:46","guid":{"rendered":"http:\/\/argentinamunicipal.com.ar\/argentina\/?p=62213"},"modified":"2017-04-27T08:08:24","modified_gmt":"2017-04-27T11:08:24","slug":"los-empleados-municipales-jerarquizados-parana-inician-este-jueves-medidas-fuerza","status":"publish","type":"post","link":"http:\/\/argentinamunicipal.com.ar\/argentina\/los-empleados-municipales-jerarquizados-parana-inician-este-jueves-medidas-fuerza\/","title":{"rendered":"Los empleados municipales jerarquizados de Paran\u00e1 inician este jueves medidas de fuerza"},"content":{"rendered":"<p>Los trabajadores iniciar\u00e1n asambleas en forma permanente, ante el incumplimiento del Ejecutivo de Paran\u00e1 del acta firmado oportunamente en la Secretar\u00eda de Trabajo en la cual las autoridades se compromet\u00edan a convocar a reuniones al sector, para avanzar en los puntos pendientes que quedaron de la paritaria<\/p>\n<p>Como se recordar\u00e1 en las Paritarias de los municipales de Paran\u00e1 del mes de marzo qued\u00f3 acordado en Acta que a partir del 28\/03\/2017 se comenzar\u00edan reuniones con el Ejecutivo Municipal para avanzar en las pretensiones presentadas en la Secretar\u00eda de Trabajo y que no hab\u00edan quedado resueltas en ese \u00e1mbito.<\/p>\n<p>Es as\u00ed que el gremio de los Jerarquizados particip\u00f3 en una \u00fanica reuni\u00f3n con las dem\u00e1s entidades y posteriormente mantuvo un encuentro con el Intendente, en el que se lo ilustr\u00f3 de la pretensi\u00f3n para el sector de los jerarquizados y, tras el cual, qued\u00f3 en dar una respuesta, la que, hasta la fecha no se materializ\u00f3.<\/p>\n<p>\u201cAnte esta situaci\u00f3n de incumplimiento del Departamento Ejecutivo, la APS recurri\u00f3 a la Secretar\u00eda de Trabajo de la Provincia y realiz\u00f3 dos presentaciones: por un lado denunciando ante la Autoridad de Trabajo el incumplimiento por parte del municipio del compromiso asumido en el acta y a la vez se le solicit\u00f3 que convoque a una Audiencia al Ejecutivo y a la APS.; en tanto en la segunda presentaci\u00f3n (25 de abril) se le comunic\u00f3 a la Secretar\u00eda de Trabajo que la APS ha declarado el estado de asamblea permanente en las reparticiones de la Administraci\u00f3n Municipal\u201d, se inform\u00f3 desde el sindicato.<\/p>\n<p>\u201cCon esta medida que rige a partir de la 00 hora del d\u00eda 27 de abril, todos los trabajadores tendr\u00e1n derecho y estar\u00e1n legalmente cubiertos para realizar Asambleas Informativas y Deliberativas en los lugares de trabajo; medidas \u00e9stas que pueden llegar a endurecerse en caso de persistir el incumplimiento del Departamento Ejecutivo a lo firmado en Acta en la Secretar\u00eda de Trabajo\u201d, se indic\u00f3.<\/p>\n<h6>Fuente: APFDigital<\/h6>\n","protected":false},"excerpt":{"rendered":"<p>Los trabajadores iniciar\u00e1n asambleas en forma permanente, ante el incumplimiento del Ejecutivo de Paran\u00e1 del acta firmado oportunamente en la Secretar\u00eda de Trabajo<\/p>\n","protected":false},"author":2,"featured_media":62214,"comment_status":"closed","ping_status":"closed","sticky":false,"template":"","format":"standard","meta":{"footnotes":""},"categories":[7],"tags":[17],"class_list":["post-62213","post","type-post","status-publish","format-standard","has-post-thumbnail","hentry","category-informe-sindical","tag-entre-rios"],"_links":{"self":[{"href":"http:\/\/argentinamunicipal.com.ar\/argentina\/wp-json\/wp\/v2\/posts\/62213","targetHints":{"allow":["GET"]}}],"collection":[{"href":"http:\/\/argentinamunicipal.com.ar\/argentina\/wp-json\/wp\/v2\/posts"}],"about":[{"href":"http:\/\/argentinamunicipal.com.ar\/argentina\/wp-json\/wp\/v2\/types\/post"}],"author":[{"embeddable":true,"href":"http:\/\/argentinamunicipal.com.ar\/argentina\/wp-json\/wp\/v2\/users\/2"}],"replies":[{"embeddable":true,"href":"http:\/\/argentinamunicipal.com.ar\/argentina\/wp-json\/wp\/v2\/comments?post=62213"}],"version-history":[{"count":0,"href":"http:\/\/argentinamunicipal.com.ar\/argentina\/wp-json\/wp\/v2\/posts\/62213\/revisions"}],"wp:featuredmedia":[{"embeddable":true,"href":"http:\/\/argentinamunicipal.com.ar\/argentina\/wp-json\/wp\/v2\/media\/62214"}],"wp:attachment":[{"href":"http:\/\/argentinamunicipal.com.ar\/argentina\/wp-json\/wp\/v2\/media?parent=62213"}],"wp:term":[{"taxonomy":"category","embeddable":true,"href":"http:\/\/argentinamunicipal.com.ar\/argentina\/wp-json\/wp\/v2\/categories?post=62213"},{"taxonomy":"post_tag","embeddable":true,"href":"http:\/\/argentinamunicipal.com.ar\/argentina\/wp-json\/wp\/v2\/tags?post=62213"}],"curies":[{"name":"wp","href":"https:\/\/api.w.org\/{rel}","templated":true}]}}