{"id":62216,"date":"2017-04-27T08:11:11","date_gmt":"2017-04-27T11:11:11","guid":{"rendered":"http:\/\/argentinamunicipal.com.ar\/argentina\/?p=62216"},"modified":"2017-04-27T08:11:11","modified_gmt":"2017-04-27T11:11:11","slug":"gobierno-mendoza-no-se-hara-cargo-la-votacion-san-carlos","status":"publish","type":"post","link":"http:\/\/argentinamunicipal.com.ar\/argentina\/gobierno-mendoza-no-se-hara-cargo-la-votacion-san-carlos\/","title":{"rendered":"El Gobierno de Mendoza no se har\u00e1 cargo de la votaci\u00f3n de San Carlos"},"content":{"rendered":"<p>Cornejo y el ministro Garay fueron claros: la Provincia no pagar\u00e1 la elecci\u00f3n desdoblada. Difonso quiere negociar con la Provincia para compartir los gastos.<\/p>\n<p>La jugada del intendente sancarlino, Jorge Difonso, de adelantarse a la reforma electoral y convocar a elecciones en su municipio, gener\u00f3 sorpresa en el Ejecutivo provincial. De todas formas, el gobernador Alfredo Cornejo evit\u00f3 una confrontaci\u00f3n directa con el intendente municipal y respondi\u00f3 que el departamento deber\u00e1 hacerse cargo de los gastos de la votaci\u00f3n propia.<\/p>\n<p>La reforma de la ley electoral que fue aprobada ayer en la Legislatura dice de manera expl\u00edcita que los municipios que decidan desdoblar elecciones deber\u00e1n asumir el costo de realizarlas. Difonso se adelant\u00f3 a la aprobaci\u00f3n y el viernes decret\u00f3 el desdoblamiento con la idea de saltear ese cambio y evitar las listas s\u00e1bana.<\/p>\n<p>Cr\u00edtico pero sin perder la calma, Cornejo dijo ante varios medios que la medida le gener\u00f3 \u201csorpresa\u201d y que no hab\u00eda \u201cninguna molestia\u201d con el sancarlino aunque dej\u00f3 en claro algo: \u201cEst\u00e1 en su derecho, s\u00f3lo que el financiamiento de esa elecci\u00f3n corre por cuenta del municipio de San Carlos. Supongo que habr\u00e1 evaluado eso\u201d.<\/p>\n<p>Antes de la modificaci\u00f3n, en la legislaci\u00f3n no estaba explicitado qui\u00e9n deb\u00eda costear una elecci\u00f3n municipal desdoblada. S\u00ed hab\u00eda claridad sobre el financiamiento de las elecciones provinciales pero no sobre el pago de las municipales por separado. En estos casos, comunes en las \u00faltimas votaciones de Capital y San Carlos, se defin\u00eda por convenios en los que pod\u00edan participar la comuna, la Provincia y la Naci\u00f3n.<\/p>\n<p>Tras la maniobra del sancarlino, la discusi\u00f3n pas\u00f3 a ser cu\u00e1l ley contaba: la del momento del llamado a elecciones (es decir, la anterior) o la actual, que hoy se publica en el Bolet\u00edn Oficial. El ministro de Gobierno, Dalmiro Garay, fue determinante al decir a Los Andes que la ley que cuenta es \u201cla del d\u00eda del acto eleccionario\u201d, es decir la actual con el financiamiento a cuenta de las arcas municipales.<\/p>\n<p>En la intendencia de San Carlos esperan que cuando bajen las aguas se vea la posibilidad de hacer un convenio para repartir los gastos de las elecciones convocadas para el 3 de diciembre de 2017 (PASO) y el 25 de febrero de 2018 (general). \u201cEstoy dispuesto a que lo conversemos y lo negociemos. A que busquemos herramientas de votaci\u00f3n distintas como el voto electr\u00f3nico que se aplic\u00f3 en Santa Rosa\u201d, coment\u00f3 Difonso.<\/p>\n<p>De hecho, en las \u00faltimas elecciones desdobladas de San Carlos (2015), el costo fue compartido. Una variable importante es si se utilizar\u00e1 un sistema m\u00e1s barato como las boletas papel o si habr\u00e1 una fuerte inversi\u00f3n con el sistema de votaci\u00f3n electr\u00f3nico.<\/p>\n<p>De una u otra forma, Garay no cree que esta vez haya un convenio: \u201cLa voluntad del Gobierno es que pague el municipio que propone la elecci\u00f3n. Antes estaba la posibilidad de un convenio, ahora la ley lo est\u00e1 prohibiendo\u201d.<\/p>\n<p>Respecto a otros municipios, los consultados apuestan a una elecci\u00f3n unificada y no al desdoblamiento municipal. Tanto en San Mart\u00edn como en Godoy Cruz creen que la decisi\u00f3n de Difonso es leg\u00edtima pero por motivos distintos no la comparten.<\/p>\n<p>El intendente de San Mart\u00edn, Jorge Gim\u00e9nez, espera desde la oposici\u00f3n que se haga una votaci\u00f3n unificada con las nacionales: \u201cHay que ser consecuente en la vida y en la pol\u00edtica tambi\u00e9n. Si Cornejo es parte de un proyecto nacional, deber\u00eda hacerse cargo\u201d. En cuanto al costo, dijo que si la ley ped\u00eda que lo financiaran los municipios entonces deb\u00eda hacerse as\u00ed.<\/p>\n<p>El godoicruce\u00f1o Tadeo Garc\u00eda Zalazar opin\u00f3 por su lado que acompa\u00f1ar\u00eda la posici\u00f3n del Gobernador para \u201ctomar un criterio uniforme\u201d y \u201cfacilitar al electorado\u201d la votaci\u00f3n. \u201cPara seguir votando con el mismo sistema no veo raz\u00f3n para desdoblar m\u00e1s all\u00e1 de la especulaci\u00f3n pol\u00edtica de cada municipio\u201d, coment\u00f3 el ganador de la \u00faltima votaci\u00f3n desdoblada.<\/p>\n<h6>Fuente: Los Andes<\/h6>\n","protected":false},"excerpt":{"rendered":"<p>Cornejo y el ministro Garay fueron claros: la Provincia no pagar\u00e1 la elecci\u00f3n desdoblada. Difonso quiere negociar con la Provincia para compartir los gastos.<\/p>\n","protected":false},"author":2,"featured_media":62217,"comment_status":"closed","ping_status":"closed","sticky":false,"template":"","format":"standard","meta":{"footnotes":""},"categories":[4],"tags":[31],"class_list":["post-62216","post","type-post","status-publish","format-standard","has-post-thumbnail","hentry","category-informe-politico","tag-mendoza"],"_links":{"self":[{"href":"http:\/\/argentinamunicipal.com.ar\/argentina\/wp-json\/wp\/v2\/posts\/62216","targetHints":{"allow":["GET"]}}],"collection":[{"href":"http:\/\/argentinamunicipal.com.ar\/argentina\/wp-json\/wp\/v2\/posts"}],"about":[{"href":"http:\/\/argentinamunicipal.com.ar\/argentina\/wp-json\/wp\/v2\/types\/post"}],"author":[{"embeddable":true,"href":"http:\/\/argentinamunicipal.com.ar\/argentina\/wp-json\/wp\/v2\/users\/2"}],"replies":[{"embeddable":true,"href":"http:\/\/argentinamunicipal.com.ar\/argentina\/wp-json\/wp\/v2\/comments?post=62216"}],"version-history":[{"count":0,"href":"http:\/\/argentinamunicipal.com.ar\/argentina\/wp-json\/wp\/v2\/posts\/62216\/revisions"}],"wp:featuredmedia":[{"embeddable":true,"href":"http:\/\/argentinamunicipal.com.ar\/argentina\/wp-json\/wp\/v2\/media\/62217"}],"wp:attachment":[{"href":"http:\/\/argentinamunicipal.com.ar\/argentina\/wp-json\/wp\/v2\/media?parent=62216"}],"wp:term":[{"taxonomy":"category","embeddable":true,"href":"http:\/\/argentinamunicipal.com.ar\/argentina\/wp-json\/wp\/v2\/categories?post=62216"},{"taxonomy":"post_tag","embeddable":true,"href":"http:\/\/argentinamunicipal.com.ar\/argentina\/wp-json\/wp\/v2\/tags?post=62216"}],"curies":[{"name":"wp","href":"https:\/\/api.w.org\/{rel}","templated":true}]}}