{"id":62219,"date":"2017-04-27T08:15:48","date_gmt":"2017-04-27T11:15:48","guid":{"rendered":"http:\/\/argentinamunicipal.com.ar\/argentina\/?p=62219"},"modified":"2017-04-27T08:15:48","modified_gmt":"2017-04-27T11:15:48","slug":"la-secretaria-ambiente-impulsa-la-creacion-viveros-municipales-salta","status":"publish","type":"post","link":"http:\/\/argentinamunicipal.com.ar\/argentina\/la-secretaria-ambiente-impulsa-la-creacion-viveros-municipales-salta\/","title":{"rendered":"La Secretar\u00eda de Ambiente impulsa la creaci\u00f3n de viveros municipales en Salta"},"content":{"rendered":"<p>El ciclo de capacitaciones inici\u00f3 en El Carril, dirigido tambi\u00e9n a los municipios Coronel Moldes, Guachipas, La Vi\u00f1a y Chicoana.<\/p>\n<p>La creaci\u00f3n de viveros municipales, es uno de los ejes fundamentales del Plan Provincial de Forestaci\u00f3n que desarrolla la provincia desde principios de 2016. A fin de cumplir con este objetivo la Secretar\u00eda de Ambiente de la provincia, a cargo de Irene Soler inici\u00f3 esta ma\u00f1ana un ciclo de capacitaciones y asesor\u00edas.<\/p>\n<p>El encuentro cont\u00f3 con el apoyo del programa Educaci\u00f3n Ambiental y estuvo dirigido por el especialista Sergio Delgado, ingeniero Agr\u00f3nomo; perteneciente al organismo ambiental.<\/p>\n<p>Algunos de los temas tratados estuvieron vinculados a la situaci\u00f3n actual del arbolado en municipios, consenso de las especies nativas que mejor se adaptan al suelo de la zona; como as\u00ed tambi\u00e9n a las posibles podas. Elecci\u00f3n de sitios m\u00e1s adecuados para la instalaci\u00f3n del Vivero, disponibilidad de agua para riego, recolecci\u00f3n, acondicionamiento de semillas y t\u00e9cnicas de producci\u00f3n<\/p>\n<p>Fuetne: La Hora de Salta<\/p>\n","protected":false},"excerpt":{"rendered":"<p>El ciclo de capacitaciones inici\u00f3 en El Carril, dirigido tambi\u00e9n a los municipios Coronel Moldes, Guachipas, La Vi\u00f1a y Chicoana.<\/p>\n","protected":false},"author":2,"featured_media":62220,"comment_status":"closed","ping_status":"closed","sticky":false,"template":"","format":"standard","meta":{"footnotes":""},"categories":[2],"tags":[9],"class_list":["post-62219","post","type-post","status-publish","format-standard","has-post-thumbnail","hentry","category-informe-municipal","tag-salta"],"_links":{"self":[{"href":"http:\/\/argentinamunicipal.com.ar\/argentina\/wp-json\/wp\/v2\/posts\/62219","targetHints":{"allow":["GET"]}}],"collection":[{"href":"http:\/\/argentinamunicipal.com.ar\/argentina\/wp-json\/wp\/v2\/posts"}],"about":[{"href":"http:\/\/argentinamunicipal.com.ar\/argentina\/wp-json\/wp\/v2\/types\/post"}],"author":[{"embeddable":true,"href":"http:\/\/argentinamunicipal.com.ar\/argentina\/wp-json\/wp\/v2\/users\/2"}],"replies":[{"embeddable":true,"href":"http:\/\/argentinamunicipal.com.ar\/argentina\/wp-json\/wp\/v2\/comments?post=62219"}],"version-history":[{"count":0,"href":"http:\/\/argentinamunicipal.com.ar\/argentina\/wp-json\/wp\/v2\/posts\/62219\/revisions"}],"wp:featuredmedia":[{"embeddable":true,"href":"http:\/\/argentinamunicipal.com.ar\/argentina\/wp-json\/wp\/v2\/media\/62220"}],"wp:attachment":[{"href":"http:\/\/argentinamunicipal.com.ar\/argentina\/wp-json\/wp\/v2\/media?parent=62219"}],"wp:term":[{"taxonomy":"category","embeddable":true,"href":"http:\/\/argentinamunicipal.com.ar\/argentina\/wp-json\/wp\/v2\/categories?post=62219"},{"taxonomy":"post_tag","embeddable":true,"href":"http:\/\/argentinamunicipal.com.ar\/argentina\/wp-json\/wp\/v2\/tags?post=62219"}],"curies":[{"name":"wp","href":"https:\/\/api.w.org\/{rel}","templated":true}]}}