{"id":62225,"date":"2017-04-27T08:22:37","date_gmt":"2017-04-27T11:22:37","guid":{"rendered":"http:\/\/argentinamunicipal.com.ar\/argentina\/?p=62225"},"modified":"2017-04-27T08:22:37","modified_gmt":"2017-04-27T11:22:37","slug":"gualeguaychu-este-domingo-habra-una-nueva-marcha-defensa-del-ambiente","status":"publish","type":"post","link":"http:\/\/argentinamunicipal.com.ar\/argentina\/gualeguaychu-este-domingo-habra-una-nueva-marcha-defensa-del-ambiente\/","title":{"rendered":"Gualeguaych\u00fa: Este domingo habr\u00e1 una nueva marcha en defensa del ambiente"},"content":{"rendered":"<p>Ser\u00e1 en el enlace entre Gualeguaych\u00fa y Fray Bentos, en horas del mediod\u00eda. La marcha se realiza una vez al a\u00f1o y se espera una masiva concurrencia.<\/p>\n<p>La Asamblea Ciudadana Ambiental est\u00e1 dando intensa difusi\u00f3n a la marcha anual que se har\u00e1 este domingo 30 de abril, la n\u00famero 13 que, como novedad, se anuncia con el corrimiento de los horarios centrales para posibilitar la participaci\u00f3n, as\u00ed como el almuerzo y sobremesa del domingo.<\/p>\n<p>\u00abVamos todos al puente\u00bb invitan los vecinos de Gualeguaych\u00fa. Cristina Limba dijo: \u00abparece mentira que haya pasado tanto tiempo y que sigamos trabajando, con m\u00e1s o menos gente, pero manteniendo esta lucha activa. Esto es lo m\u00e1s importante, porque no hay antecedentes de una lucha que moviliza a toda una comunidad y se mantiene en el tiempo\u00bb.<\/p>\n<p><strong>De la ignorancia al conocimiento<\/strong><\/p>\n<p>\u00abHace quince a\u00f1os de los primeros movimientos, de cuando nos enteramos de lo que intentaban hacer y comenzamos a estudiar sobre el tema. Quince a\u00f1os de cuando Gualeguaych\u00fa marc\u00f3 un antes y un despu\u00e9s respecto del cuidado del medio ambiente, porque antes no lo ten\u00edamos en cuenta\u00bb, subray\u00f3.<\/p>\n<p>Destac\u00f3 que \u00abnos convertimos en profundos conocedores del cuidado del medio ambiente y de lo que hacen los grandes capitales para sacarse de encima la basura, como propuso Lawrence Summers (economista del Banco Mundial) en su memorando de 1991, que suger\u00eda realizar el vertido de desechos t\u00f3xicos en pa\u00edses del tercer mundo\u00bb.<\/p>\n<p><strong>Lo que la lucha consigui\u00f3<\/strong><\/p>\n<p>\u00abY lo intentaron, pero en el caso nuestro, sentamos un precedente al alertarlo. Esto nos permite razonar que si Gualeguaych\u00fa no se hubiese movilizado todas las veces que lo hizo, hoy ser\u00edamos una cuenca pastera\u00bb, advirti\u00f3.<\/p>\n<p>Mencion\u00f3, sobre el particular, que ENCE se retir\u00f3 y si hoy Botnia funciona \u00abes porque se qued\u00f3 de prepo, pero tuvo que invertir mucho m\u00e1s de lo que estimaba en tecnolog\u00eda, y las otras pasteras est\u00e1n buscando otros lugares porque saben que aqu\u00ed no podr\u00e1n instalarse, porque estamos nosotros vigilando y cuidando no s\u00f3lo el querido r\u00edo Uruguay, sino el aire y la tierra\u00bb.<\/p>\n<p>\u00abJustamente otro motivo por el que debemos marchar este domingo es porque debajo de Botnia est\u00e1 el Acu\u00edfero Guaran\u00ed, la reserva de agua dulce m\u00e1s grande del planeta\u00bb, dijo y a\u00f1adi\u00f3 que \u00abBotnia est\u00e1 contaminando las napas tambi\u00e9n, enterrando parte de su contaminaci\u00f3n.\u00bb<\/p>\n<p><strong>Una vez al a\u00f1o<\/strong><\/p>\n<p>Las marchas al puente internacional General San Mart\u00edn se organizan una vez al a\u00f1o, raz\u00f3n por la que se espera una masiva participaci\u00f3n de la ciudadan\u00eda.<\/p>\n<p>\u00abQueremos hacernos visibles, poder lograr la foto que el mundo est\u00e1 esperando, como cada a\u00f1o, para informar que la resistencia se mantiene\u00bb, dijo Cristina para marcar que de esta manera se desmentir\u00e1 la campa\u00f1a de Finlandia, que con motivo de su centenario, propone una plantaci\u00f3n de \u00e1rboles.<\/p>\n<p>\u00abNo los mueve el cuidado del ambiente, sino que esto es marketing puro. Creo que debemos evaluar si no tenemos que salir por todos lados a contar que hablan del cuidado en el hemisferio norte, mientras aqu\u00ed tenemos su mega pastera\u00bb.<\/p>\n<p>\u00abTambi\u00e9n decirlo a los gobiernos de Argentina, Uruguay, Finlandia y de todo el mundo, para que cuiden a sus ciudadanos d\u00e1ndoles salud, lo que les permitir\u00e1 una buena educaci\u00f3n, dos factores elementales para desarrollarse y progresar\u00bb.<\/p>\n<p><strong>Nuevo horario<\/strong><\/p>\n<p>Destac\u00f3 que este a\u00f1o, para facilitar la participaci\u00f3n en la marcha de este domingo, se produjo un corrimiento de los horarios de las acciones centrales. De esta forma, se dispuso que los colectivos saldr\u00e1n del cors\u00f3dromo entre las 11 y las 12,30; la oraci\u00f3n ecum\u00e9nica se rezar\u00e1 a las 14, el inicio de la caminata ser\u00e1 a las 15 y la lectura de la proclama a las 16, \u00abpara luego comenzar a descender del puente y volver a casa\u00bb.<\/p>\n<p>Tras avisar \u00abtendremos el apoyo del municipio y de las fuerzas de seguridad, as\u00ed que estaremos cuidados como todos los a\u00f1os\u00bb, pidi\u00f3 a la comunidad ese d\u00eda no vayan al Parque Unzu\u00e9; piensen en sus hijos y nietos y orienten su paseo hacia la ruta 136, porque tenemos que cuidarnos. \u00abSin agua dulce no hay vida y la contaminaci\u00f3n mata, aunque parezca un pensamiento fantasioso. Por eso damos este alerta cada a\u00f1o, marcando que Gualeguaych\u00fa sigue de pie en su lucha contra la contaminaci\u00f3n\u00bb.<\/p>\n<p>\u00abGualeguaych\u00fa, ciudad de la que hace quince o veinte a\u00f1os no se pod\u00eda pronunciar su nombre y hoy se la conoce e identifica en el mapa, gracias a esta maravillosa comunidad que supo salir en el momento justo y no ha bajado los brazos\u00bb, concluy\u00f3.<\/p>\n<h6>Fuente: El Once<\/h6>\n","protected":false},"excerpt":{"rendered":"<p>Ser\u00e1 en el enlace entre Gualeguaych\u00fa y Fray Bentos, en horas del mediod\u00eda. La marcha se realiza una vez al a\u00f1o y se espera una masiva concurrencia.<\/p>\n","protected":false},"author":2,"featured_media":62226,"comment_status":"closed","ping_status":"closed","sticky":false,"template":"","format":"standard","meta":{"footnotes":""},"categories":[2],"tags":[17],"class_list":["post-62225","post","type-post","status-publish","format-standard","has-post-thumbnail","hentry","category-informe-municipal","tag-entre-rios"],"_links":{"self":[{"href":"http:\/\/argentinamunicipal.com.ar\/argentina\/wp-json\/wp\/v2\/posts\/62225","targetHints":{"allow":["GET"]}}],"collection":[{"href":"http:\/\/argentinamunicipal.com.ar\/argentina\/wp-json\/wp\/v2\/posts"}],"about":[{"href":"http:\/\/argentinamunicipal.com.ar\/argentina\/wp-json\/wp\/v2\/types\/post"}],"author":[{"embeddable":true,"href":"http:\/\/argentinamunicipal.com.ar\/argentina\/wp-json\/wp\/v2\/users\/2"}],"replies":[{"embeddable":true,"href":"http:\/\/argentinamunicipal.com.ar\/argentina\/wp-json\/wp\/v2\/comments?post=62225"}],"version-history":[{"count":0,"href":"http:\/\/argentinamunicipal.com.ar\/argentina\/wp-json\/wp\/v2\/posts\/62225\/revisions"}],"wp:featuredmedia":[{"embeddable":true,"href":"http:\/\/argentinamunicipal.com.ar\/argentina\/wp-json\/wp\/v2\/media\/62226"}],"wp:attachment":[{"href":"http:\/\/argentinamunicipal.com.ar\/argentina\/wp-json\/wp\/v2\/media?parent=62225"}],"wp:term":[{"taxonomy":"category","embeddable":true,"href":"http:\/\/argentinamunicipal.com.ar\/argentina\/wp-json\/wp\/v2\/categories?post=62225"},{"taxonomy":"post_tag","embeddable":true,"href":"http:\/\/argentinamunicipal.com.ar\/argentina\/wp-json\/wp\/v2\/tags?post=62225"}],"curies":[{"name":"wp","href":"https:\/\/api.w.org\/{rel}","templated":true}]}}