{"id":62228,"date":"2017-04-27T08:25:07","date_gmt":"2017-04-27T11:25:07","guid":{"rendered":"http:\/\/argentinamunicipal.com.ar\/argentina\/?p=62228"},"modified":"2017-04-27T08:25:07","modified_gmt":"2017-04-27T11:25:07","slug":"intendentes-justicialistas-la-campora-buscan-la-unidad-disminuyen-las-aspiraciones-randazzo","status":"publish","type":"post","link":"http:\/\/argentinamunicipal.com.ar\/argentina\/intendentes-justicialistas-la-campora-buscan-la-unidad-disminuyen-las-aspiraciones-randazzo\/","title":{"rendered":"Intendentes justicialistas y La C\u00e1mpora buscan la unidad y disminuyen las aspiraciones de Randazzo"},"content":{"rendered":"<p>Jefes comunales del justicialismo y referentes del kirchnerismo se reunieron ayer en la Ciudad Aut\u00f3noma de Buenos Aires y plantearon la unidad de cara a las elecciones. Es la primera vez en mucho tiempo que las distintas facciones del Frente para la Victoria se ven las caras.<\/p>\n<p>Numerosos intendentes peronistas que integran los grupos Esmeralda y F\u00e9nix se reunieron ayer por la noche con diputados nacionales de la agrupaci\u00f3n kirchnerista La C\u00e1mpora. Se habl\u00f3 de la tan mentada \u201cunidad\u201d de cara las pr\u00f3ximas elecciones, aunque sin presencia de referentes que respalden al ex ministro de Transporte Florencio Randazzo.<\/p>\n<p>Seg\u00fan pudo saber INFOCIELO, la cumbre se llev\u00f3 a cabo en la casa del diputado nacional Juan Cabandi\u00e9, en la Ciudad Aut\u00f3noma de Buenos Aires, y participaron los intendentes de Lomas de Zamora, Mart\u00edn Insaurralde; La Matanza, Ver\u00f3nica Magario; Avellaneda, Jorge Ferraresi; Merlo, Gustavo Men\u00e9ndez; Ensenada, Mario Secco; Malvinas Argentinas, Leonardo Nardini; Escobar, Ariel Sujarchuck; Moreno, Walter Festa; La Costa, Juan Pablo de Jes\u00fas; Pehuaj\u00f3, Pablo Zurro y Areco, Franciso Dura\u00f1ona; adem\u00e1s del titular del Partido Justicialista bonaerense, Fernando Espinoza; y los diputados de La C\u00e1mpora Eduardo \u201cWado\u201d De Pedro y Andr\u00e9s Larroque.<\/p>\n<p>Durante la reuni\u00f3n los referentes del peronismo bonaerense acordaron mantener un \u201cacuerdo pol\u00edtico\u201d de cara a las pr\u00f3ximas elecciones legislativas que les permita \u201ccontener a las diferencias expresiones\u201d del justicialismo. La idea, aseguran, es evitar las fugas hacia otros espacios y una crisis en medio de una interna.<\/p>\n<p>\u201cSe plante\u00f3 que el PJ logre aunar a todos los sectores del peronismo y se transforme en una gran organizaci\u00f3n para todos los referentes\u201d, confiaron a este medio fuentes que participaron de la reuni\u00f3n, a la vez que criticaron \u201clas tribus o bandas\u201d dispersas que podr\u00edan generar una crisis en una posible interna partidaria.<\/p>\n<p>Si bien remarcaron que no se habl\u00f3 de candidaturas, reconocieron que el ex gobernador bonaerense Daniel Scioli estuvo al tanto de la cumbre, aunque evitaron referirse a la ausencia de algunos intendentes y referentes que se mantienen alineados al ex ministro de Transporte como Gabriel Katopodis, Eduardo \u201cBali\u201d Bucca, Juli\u00e1n Dom\u00ednguez o integrantes del Movimiento Evita.<\/p>\n<p>Por otra parte, plantearon un panorama \u201cdesolador\u201d a partir de las pol\u00edticas econ\u00f3micas del Gobierno de Mauricio Macri y Mar\u00eda Eugenia Vidal. \u201cTodos los intendentes coincidieron en que la econom\u00eda no est\u00e1 dando respuestas a los ciudadanos y que, incluso, la crisis golpe\u00f3 fuerte a muchos comercios que tuvieron que bajar sus persianas\u201d, comentaron.<\/p>\n<p>\u201cEn este contexto se plante\u00f3 conformar una lista de unidad amplia que incluya al peronismo y al kirchnerismo\u201d, detallaron. La resoluci\u00f3n pareciera debilitar las aspiraciones de Randazzo de competir en las pr\u00f3ximas elecciones.<\/p>\n<h6>Fuente: Infocielo<\/h6>\n","protected":false},"excerpt":{"rendered":"<p>Jefes comunales del justicialismo y referentes del kirchnerismo se reunieron ayer en la Ciudad Aut\u00f3noma de Buenos Aires y plantearon la unidad de cara a las elecciones. <\/p>\n","protected":false},"author":2,"featured_media":62229,"comment_status":"closed","ping_status":"closed","sticky":false,"template":"","format":"standard","meta":{"footnotes":""},"categories":[4],"tags":[12],"class_list":["post-62228","post","type-post","status-publish","format-standard","has-post-thumbnail","hentry","category-informe-politico","tag-buenos-aires"],"_links":{"self":[{"href":"http:\/\/argentinamunicipal.com.ar\/argentina\/wp-json\/wp\/v2\/posts\/62228","targetHints":{"allow":["GET"]}}],"collection":[{"href":"http:\/\/argentinamunicipal.com.ar\/argentina\/wp-json\/wp\/v2\/posts"}],"about":[{"href":"http:\/\/argentinamunicipal.com.ar\/argentina\/wp-json\/wp\/v2\/types\/post"}],"author":[{"embeddable":true,"href":"http:\/\/argentinamunicipal.com.ar\/argentina\/wp-json\/wp\/v2\/users\/2"}],"replies":[{"embeddable":true,"href":"http:\/\/argentinamunicipal.com.ar\/argentina\/wp-json\/wp\/v2\/comments?post=62228"}],"version-history":[{"count":0,"href":"http:\/\/argentinamunicipal.com.ar\/argentina\/wp-json\/wp\/v2\/posts\/62228\/revisions"}],"wp:featuredmedia":[{"embeddable":true,"href":"http:\/\/argentinamunicipal.com.ar\/argentina\/wp-json\/wp\/v2\/media\/62229"}],"wp:attachment":[{"href":"http:\/\/argentinamunicipal.com.ar\/argentina\/wp-json\/wp\/v2\/media?parent=62228"}],"wp:term":[{"taxonomy":"category","embeddable":true,"href":"http:\/\/argentinamunicipal.com.ar\/argentina\/wp-json\/wp\/v2\/categories?post=62228"},{"taxonomy":"post_tag","embeddable":true,"href":"http:\/\/argentinamunicipal.com.ar\/argentina\/wp-json\/wp\/v2\/tags?post=62228"}],"curies":[{"name":"wp","href":"https:\/\/api.w.org\/{rel}","templated":true}]}}