{"id":62231,"date":"2017-04-27T08:27:17","date_gmt":"2017-04-27T11:27:17","guid":{"rendered":"http:\/\/argentinamunicipal.com.ar\/argentina\/?p=62231"},"modified":"2017-04-27T08:27:17","modified_gmt":"2017-04-27T11:27:17","slug":"venezuela-anuncio-retiro-la-organizacion-estados-americanos","status":"publish","type":"post","link":"http:\/\/argentinamunicipal.com.ar\/argentina\/venezuela-anuncio-retiro-la-organizacion-estados-americanos\/","title":{"rendered":"Venezuela anunci\u00f3 su retiro de la Organizaci\u00f3n de Estados Americanos"},"content":{"rendered":"<p>La ministra para la Relaciones Exteriores, Delcy Rodr\u00edguez, inform\u00f3 que Venezuela presentar\u00e1 este jueves la Carta de Denuncia a la Organizaci\u00f3n de Estados Americanos (OEA), primer paso para iniciar su retiro de la organismo internacional.<\/p>\n<p>\u00abEl d\u00eda de ma\u00f1ana (por hoy jueves), tal y como lo ha instruido el presidente Nicol\u00e1s Maduro, presentaremos la Carta de Denuncia a la Organizaci\u00f3n de Estados Americanos e iniciaremos un procedimiento, que tarda 24 meses\u00bb, expres\u00f3 la diplom\u00e1tica venezolana desde el Puesto de Comando Presidencial del Palacio de Miraflores, en Caracas.<\/p>\n<p>\u00abVenezuela no participar\u00e1 en lo sucesivo de ninguna actividad, de ning\u00fan evento, donde se pretenda posicionar el intervencionismo y el injerencismo de este grupo de pa\u00edses que solo buscan perturbar la estabilidad, la paz de nuestros pa\u00eds\u00bb, agreg\u00f3 la canciller en declaraciones transmitidas por Venezolana de Televisi\u00f3n.<\/p>\n<p>Estas acciones, detall\u00f3 la ministra Rodr\u00edguez, tiene como fin la defensa de la soberan\u00eda y la dignidad de los pueblos que, actualmente se encuentra atacada por actuaciones injerencistas, promovidas por el gobierno de los Estados Unidos y de derechas del continente, que pretenden atentar contra la estabilidad y la paz de la Rep\u00fablica.<\/p>\n<p>\u00abEl retiro de esta organizaci\u00f3n tiene que ver con la dignidad de nuestro pueblo, de la doctrina bolivariana, que defiende al multilateralismo\u00bb, enfatiz\u00f3.<\/p>\n<p>En este sentido, recalc\u00f3 que el secretario General de la OEA, Luis Almagro, ha reeditado el expediente intervencionista que desde la organizaci\u00f3n se ha llevado a cabo desde su fundaci\u00f3n, para apoyar golpes de Estados en naciones soberanos e invasiones militares.<\/p>\n<p>\u00abLas pretensiones de aislar a Venezuela tienen cantado el fracaso en el futuro m\u00e1s inmediato. Pretender intervenir y tutelar a Venezuela est\u00e1 destinado al fracaso. Pretenden los imposible. Est\u00e1 en plena ejecuci\u00f3n, un plan, un gui\u00f3n establecido. No es la primera vez que ocurre en nuestra regi\u00f3n\u00bb, puntualiz\u00f3.<\/p>\n<p>Se\u00f1al\u00f3 que la OEA pretende reeditar el gui\u00f3n de 1962, cuando la organizaci\u00f3n expuls\u00f3 a Cuba, debido a que la naci\u00f3n respond\u00eda a los intereses del pueblo y no a los intereses de los gobiernos imperiales.<\/p>\n<p>\u00abHoy el pueblo de Venezuela est\u00e1 tambi\u00e9n, librando una batalla por su soberan\u00eda, por su paz, y su independencia (&#8230;) Los principios que inspiran nuestra diplomacia, nuestra doctrina hist\u00f3rica, est\u00e1 marcada en la diplomacia bolivariana de paz\u00bb, recalc\u00f3.<\/p>\n<p>Por otra parte, conden\u00f3 la doble moral de la OEA, organismo que se refiere a asuntos internos de Venezuela, mientras que en otros gobiernos atentan contra los derechos de sus pueblos, como es el caso de Argentina, Brasil, M\u00e9xico y Colombia.<\/p>\n<p>\u00abCuando vamos y vemos lo que ocurre en nuestra regi\u00f3n, yo me pregunto, si es que esta organizaci\u00f3n no tiene ojos para mirar las realidades terribles de discriminaci\u00f3n, de opresi\u00f3n, de violaci\u00f3n masiva de los derechos humanos, no solamente de los pueblos de nuestra Am\u00e9rica, sino tambi\u00e9n del mundo, que ocurre en los Estados Unidos de Norteam\u00e9rica. Las graves amenazas que hoy se ciernen sobre la paz y estabilidad mundial, proviene de esos centros de poder\u00bb, denunci\u00f3.<\/p>\n<p>\u00abLa realidad que hoy vive Venezuela tiene mucho que ver con la acci\u00f3n de estos gobiernos que, por intolerancia pol\u00edtica e ideol\u00f3gica, se oponen no solo al presidente Nicol\u00e1s Maduro, sino tambi\u00e9n a la Revoluci\u00f3n Bolivariana\u00bb, agreg\u00f3<\/p>\n<p>Posteriormente, la ministra Rodr\u00edguez se\u00f1al\u00f3 que las acciones injerencistas de Almagro terminaron aislando a la organizaci\u00f3n de la comunidad internacional.<\/p>\n<p>\u00abDimos las oportunidades para que se impusiera el esp\u00edritu multilateralista pero prevaleci\u00f3 la violaci\u00f3n a las normas sagradas la organizaci\u00f3n\u00bb, escribi\u00f3 la ministra en la red social Twitter.<\/p>\n<h6>Fuente: Tucum\u00e1n Hoy<\/h6>\n","protected":false},"excerpt":{"rendered":"<p>La ministra para la Relaciones Exteriores, Delcy Rodr\u00edguez, inform\u00f3 que Venezuela presentar\u00e1 este jueves la Carta de Denuncia a la Organizaci\u00f3n de Estados Americanos (OEA), primer paso para iniciar su retiro de la organismo internacional.<\/p>\n","protected":false},"author":2,"featured_media":62232,"comment_status":"closed","ping_status":"closed","sticky":false,"template":"","format":"standard","meta":{"footnotes":""},"categories":[22],"tags":[57],"class_list":["post-62231","post","type-post","status-publish","format-standard","has-post-thumbnail","hentry","category-el-mundo","tag-el-mundo"],"_links":{"self":[{"href":"http:\/\/argentinamunicipal.com.ar\/argentina\/wp-json\/wp\/v2\/posts\/62231","targetHints":{"allow":["GET"]}}],"collection":[{"href":"http:\/\/argentinamunicipal.com.ar\/argentina\/wp-json\/wp\/v2\/posts"}],"about":[{"href":"http:\/\/argentinamunicipal.com.ar\/argentina\/wp-json\/wp\/v2\/types\/post"}],"author":[{"embeddable":true,"href":"http:\/\/argentinamunicipal.com.ar\/argentina\/wp-json\/wp\/v2\/users\/2"}],"replies":[{"embeddable":true,"href":"http:\/\/argentinamunicipal.com.ar\/argentina\/wp-json\/wp\/v2\/comments?post=62231"}],"version-history":[{"count":0,"href":"http:\/\/argentinamunicipal.com.ar\/argentina\/wp-json\/wp\/v2\/posts\/62231\/revisions"}],"wp:featuredmedia":[{"embeddable":true,"href":"http:\/\/argentinamunicipal.com.ar\/argentina\/wp-json\/wp\/v2\/media\/62232"}],"wp:attachment":[{"href":"http:\/\/argentinamunicipal.com.ar\/argentina\/wp-json\/wp\/v2\/media?parent=62231"}],"wp:term":[{"taxonomy":"category","embeddable":true,"href":"http:\/\/argentinamunicipal.com.ar\/argentina\/wp-json\/wp\/v2\/categories?post=62231"},{"taxonomy":"post_tag","embeddable":true,"href":"http:\/\/argentinamunicipal.com.ar\/argentina\/wp-json\/wp\/v2\/tags?post=62231"}],"curies":[{"name":"wp","href":"https:\/\/api.w.org\/{rel}","templated":true}]}}