{"id":62234,"date":"2017-04-27T08:29:17","date_gmt":"2017-04-27T11:29:17","guid":{"rendered":"http:\/\/argentinamunicipal.com.ar\/argentina\/?p=62234"},"modified":"2017-04-27T08:29:17","modified_gmt":"2017-04-27T11:29:17","slug":"diputados-paraguayos-rechazan-enmienda-reeleccion-cartes","status":"publish","type":"post","link":"http:\/\/argentinamunicipal.com.ar\/argentina\/diputados-paraguayos-rechazan-enmienda-reeleccion-cartes\/","title":{"rendered":"Diputados paraguayos rechazan enmienda para reelecci\u00f3n de Cartes"},"content":{"rendered":"<p>La c\u00e1mara de diputados de Paraguay rechaz\u00f3 ayer el proyecto de enmienda constitucional para permitir la reelecci\u00f3n presidencial despu\u00e9s de varios d\u00edas de tensi\u00f3n y protestas que dejaron un saldo de un dirigente juvenil muerto y una secci\u00f3n del edificio del Congreso incendiada.<\/p>\n<p>La iniciativa para modificar la Carta Magna fue aprobada el 31 de marzo pasado por la c\u00e1mara de senadores, pero ese mismo d\u00eda estall\u00f3 una ola de protestas y en la madrugada del 1 de abril, en un confuso incidente con polic\u00edas, falleci\u00f3 el dirigente Rodrigo Quintana, del opositor Partido Liberal Radical Aut\u00e9ntico.<\/p>\n<p>Hugo Vel\u00e1zquez, presidente de la c\u00e1mara de diputados y militante del oficialista Partido Colorado, anunci\u00f3 por los altavoces de la c\u00e1mara que por el rechazo de la enmienda votaron 78 legisladores y hubo una abstenci\u00f3n.<\/p>\n<p>Minutos despu\u00e9s de que se diera a conocer la decisi\u00f3n de los diputados, un millar de personas reunidas en la plaza frente al Congreso comenz\u00f3 un festejo ondeando banderas y cantando estribillos en contra del actual jefe de Estado, Horacio Cartes, cuyo partido apoy\u00f3 la enmienda aunque despu\u00e9s aclar\u00f3 que no buscar\u00eda la reelecci\u00f3n.<\/p>\n<p>Ram\u00f3n Romero, presidente de la Comisi\u00f3n Constitucional, present\u00f3 un dictamen solicitando al pleno de sus colegas el rechazo de la enmienda porque, seg\u00fan dijo, violaba normas de la constituci\u00f3n.<\/p>\n<p>Algunos analistas creen que una mayor\u00eda de pol\u00edticos oficialistas y opositores teme a la reelecci\u00f3n porque a\u00fan se mantiene viva la memoria de las reelecciones sucesivas del general Alfredo Stroessner, que gobern\u00f3 el pa\u00eds con mano de hierro entre 1954 y 1989, cuando fue derrocado en un golpe militar.<\/p>\n<h6>Fuente: Tucum\u00e1n Hoy<\/h6>\n","protected":false},"excerpt":{"rendered":"<p>La c\u00e1mara de diputados de Paraguay rechaz\u00f3 ayer el proyecto de enmienda constitucional para permitir la reelecci\u00f3n presidencial despu\u00e9s de varios d\u00edas de tensi\u00f3n y protestas que dejaron un saldo de un dirigente juvenil muerto y una secci\u00f3n del edificio del Congreso incendiada.<\/p>\n","protected":false},"author":2,"featured_media":62235,"comment_status":"closed","ping_status":"closed","sticky":false,"template":"","format":"standard","meta":{"footnotes":""},"categories":[22],"tags":[57],"class_list":["post-62234","post","type-post","status-publish","format-standard","has-post-thumbnail","hentry","category-el-mundo","tag-el-mundo"],"_links":{"self":[{"href":"http:\/\/argentinamunicipal.com.ar\/argentina\/wp-json\/wp\/v2\/posts\/62234","targetHints":{"allow":["GET"]}}],"collection":[{"href":"http:\/\/argentinamunicipal.com.ar\/argentina\/wp-json\/wp\/v2\/posts"}],"about":[{"href":"http:\/\/argentinamunicipal.com.ar\/argentina\/wp-json\/wp\/v2\/types\/post"}],"author":[{"embeddable":true,"href":"http:\/\/argentinamunicipal.com.ar\/argentina\/wp-json\/wp\/v2\/users\/2"}],"replies":[{"embeddable":true,"href":"http:\/\/argentinamunicipal.com.ar\/argentina\/wp-json\/wp\/v2\/comments?post=62234"}],"version-history":[{"count":0,"href":"http:\/\/argentinamunicipal.com.ar\/argentina\/wp-json\/wp\/v2\/posts\/62234\/revisions"}],"wp:featuredmedia":[{"embeddable":true,"href":"http:\/\/argentinamunicipal.com.ar\/argentina\/wp-json\/wp\/v2\/media\/62235"}],"wp:attachment":[{"href":"http:\/\/argentinamunicipal.com.ar\/argentina\/wp-json\/wp\/v2\/media?parent=62234"}],"wp:term":[{"taxonomy":"category","embeddable":true,"href":"http:\/\/argentinamunicipal.com.ar\/argentina\/wp-json\/wp\/v2\/categories?post=62234"},{"taxonomy":"post_tag","embeddable":true,"href":"http:\/\/argentinamunicipal.com.ar\/argentina\/wp-json\/wp\/v2\/tags?post=62234"}],"curies":[{"name":"wp","href":"https:\/\/api.w.org\/{rel}","templated":true}]}}