{"id":62237,"date":"2017-04-27T08:32:26","date_gmt":"2017-04-27T11:32:26","guid":{"rendered":"http:\/\/argentinamunicipal.com.ar\/argentina\/?p=62237"},"modified":"2017-04-27T08:32:26","modified_gmt":"2017-04-27T11:32:26","slug":"temer-87-imagen-negativa","status":"publish","type":"post","link":"http:\/\/argentinamunicipal.com.ar\/argentina\/temer-87-imagen-negativa\/","title":{"rendered":"Temer tiene 87% de imagen negativa"},"content":{"rendered":"<p>La desaprobaci\u00f3n del presidente brasile\u00f1o Michel Temer subi\u00f3 al 87% en abril, a poco de cumplir su primer a\u00f1o en el gobierno, mientras su principal adversario, Lula da Silva, tambi\u00e9n perdi\u00f3 popularidad.<\/p>\n<p>Para el 87% de los brasile\u00f1os consultados este mes por la agencia Ipsos la imagen de Temer es \u00abmala o p\u00e9sima\u00bb, un dato que muestra un aumento de rechazo del 9% frente a marzo.<\/p>\n<p>\u00abLos indicadores son muy malos para Michel Temer\u00bb y para su gobierno, observ\u00f3 Danilo Cersosimo responsable del sondeo Pulso Brasil, publicado hoy por el diario Valor Econ\u00f3mico y otros medios.<\/p>\n<p>De acuerdo con el sondeo la administraci\u00f3n encabezada por Temer es considerada mala por el 75% de los brasile\u00f1os, siendo que en enero el rechazo era del 59% y marzo ya hab\u00eda subido al 62%. En v\u00edsperas de cumplir su primer a\u00f1o en la Presidencia, asumi\u00f3 el 12 de mayo del a\u00f1o pasado, Temer enfrenta una serie de crisis que perjudicaron su imagen.<\/p>\n<p>El esc\u00e1ndalo de Lava Jato ya caus\u00f3 la renuncia de varios ministros de su gabinete mientras otros ocho, que contin\u00faan en sus cargos, fueron denunciados de corrupci\u00f3n por exejecutivos de la constructora Odebrecht.<\/p>\n<p>El propio presidente fue acusado de \u00abbendecir\u00bb el pago de un soborno de 40 millones de d\u00f3lares, pactado durante una reuni\u00f3n en su oficina particular, seg\u00fan la denuncia de dos \u00abarrepentidos\u00bb de Odebrecht que declararon bajo juramento para obtener reducciones de sus penas.<\/p>\n<p>Ese encuentro para el pago de propinas habr\u00eda ocurrido en 2010 por lo que Temer no ser\u00e1 investigado por la Justicia dado que la ley establece que un Presidente s\u00f3lo puede ser objeto de un proceso cuando el delito haya ocurrido durante su gesti\u00f3n iniciada hace 11 meses.<\/p>\n<p>A la par de las imputaciones de corrupci\u00f3n que salpican a Temer y al grueso de la clase pol\u00edtica, el gobierno sufre el desgaste producido por el aumento del desempleo que ya trep\u00f3 al 13% y, seg\u00fan analistas del sector financiero, puede crecer en los pr\u00f3ximos meses.<\/p>\n<p>Consultado por la revista The Economist sobre su falta de respaldo el mandatario respondi\u00f3, hace dos meses, que prefiere ser \u00abimpopular a ser un populista\u00bb pues est\u00e1 convencido de que son necesarias medidas amargas como las reformas previsional y laboral, que no son del agrado del p\u00fablico.<\/p>\n<p>Pero la opini\u00f3n p\u00fablica opina distinto que Temer, pues para el 92% de los consultados en el sondeo presentado este mi\u00e9rcoles \u00abel pa\u00eds est\u00e1 en el camino errado\u00bb y se espera con poco optimismo el futuro inmediato.<\/p>\n<p>El caso es que Temer ha perdido apoyo de forma galopante.<\/p>\n<p>En octubre de 2016 contaba con el 31% de imagen positiva, una aprobaci\u00f3n que pas\u00f3 al 17% en marzo de este a\u00f1o y baj\u00f3 al 10% en abril.<\/p>\n<p>Este \u00edndice de aprobaci\u00f3n del 10% medido por Ipsos es igual el que registr\u00f3 una encuesta de la consultora IBOPE realizada el mes pasado.<\/p>\n<p>El hurac\u00e1n desatado por las revelaciones surgidas del esc\u00e1ndalo investigado por Lava Jato parece no haber dejado a salvo ning\u00fan dirigente pol\u00edtico, del oficialismo y la oposici\u00f3n.<\/p>\n<p>Entre los pol\u00edticos tradicionales el que obtuvo mayor apoyo fue el expresidente Luiz In\u00e1cio Lula da Silva con el 34 %, cuatro puntos porcentuales menos que en marzo.<\/p>\n<p>A pesar de ser un dirigente con buena aprobaci\u00f3n Lula tiene un rechazo del 64%, que indica un aumento de 5 puntos porcentuales ante la encuesta de marzo pasado.<\/p>\n<p>Este mi\u00e9rcoles se anunci\u00f3 oficialmente que el juez Sergio Moro, a cargo de Lava Jato, el 10 de mayo indagar\u00e1 a Lula en condici\u00f3n de \u00abreo\u00bb, acusado de haber recibido sobornos de las empresas constructoras Odebrecht y OAS.<\/p>\n<h6>Fuente: Tucum\u00e1n Hoy<\/h6>\n","protected":false},"excerpt":{"rendered":"<p>La desaprobaci\u00f3n del presidente brasile\u00f1o Michel Temer subi\u00f3 al 87% en abril, a poco de cumplir su primer a\u00f1o en el gobierno, mientras su principal adversario, Lula da Silva, tambi\u00e9n perdi\u00f3 popularidad.<\/p>\n","protected":false},"author":2,"featured_media":62238,"comment_status":"closed","ping_status":"closed","sticky":false,"template":"","format":"standard","meta":{"footnotes":""},"categories":[22],"tags":[57],"class_list":["post-62237","post","type-post","status-publish","format-standard","has-post-thumbnail","hentry","category-el-mundo","tag-el-mundo"],"_links":{"self":[{"href":"http:\/\/argentinamunicipal.com.ar\/argentina\/wp-json\/wp\/v2\/posts\/62237","targetHints":{"allow":["GET"]}}],"collection":[{"href":"http:\/\/argentinamunicipal.com.ar\/argentina\/wp-json\/wp\/v2\/posts"}],"about":[{"href":"http:\/\/argentinamunicipal.com.ar\/argentina\/wp-json\/wp\/v2\/types\/post"}],"author":[{"embeddable":true,"href":"http:\/\/argentinamunicipal.com.ar\/argentina\/wp-json\/wp\/v2\/users\/2"}],"replies":[{"embeddable":true,"href":"http:\/\/argentinamunicipal.com.ar\/argentina\/wp-json\/wp\/v2\/comments?post=62237"}],"version-history":[{"count":0,"href":"http:\/\/argentinamunicipal.com.ar\/argentina\/wp-json\/wp\/v2\/posts\/62237\/revisions"}],"wp:featuredmedia":[{"embeddable":true,"href":"http:\/\/argentinamunicipal.com.ar\/argentina\/wp-json\/wp\/v2\/media\/62238"}],"wp:attachment":[{"href":"http:\/\/argentinamunicipal.com.ar\/argentina\/wp-json\/wp\/v2\/media?parent=62237"}],"wp:term":[{"taxonomy":"category","embeddable":true,"href":"http:\/\/argentinamunicipal.com.ar\/argentina\/wp-json\/wp\/v2\/categories?post=62237"},{"taxonomy":"post_tag","embeddable":true,"href":"http:\/\/argentinamunicipal.com.ar\/argentina\/wp-json\/wp\/v2\/tags?post=62237"}],"curies":[{"name":"wp","href":"https:\/\/api.w.org\/{rel}","templated":true}]}}