{"id":62243,"date":"2017-04-27T08:43:16","date_gmt":"2017-04-27T11:43:16","guid":{"rendered":"http:\/\/argentinamunicipal.com.ar\/argentina\/?p=62243"},"modified":"2017-04-27T08:43:16","modified_gmt":"2017-04-27T11:43:16","slug":"bullrich-los-liberales-la-ensenanza-religiosa","status":"publish","type":"post","link":"http:\/\/argentinamunicipal.com.ar\/argentina\/bullrich-los-liberales-la-ensenanza-religiosa\/","title":{"rendered":"Bullrich, los liberales y la ense\u00f1anza religiosa"},"content":{"rendered":"<p>Por Sonia Alesso<br \/>\nQue el ministro de Educaci\u00f3n y Deportes de la Naci\u00f3n no tiene un gran apego a las leyes vigentes no es ninguna novedad. Hace meses que su negativa a cumplir con la Ley de Financiamiento Educativo sostiene y profundiza un conflicto con la comunidad educativa en general y con los docentes en particular. Pero sus declaraciones sobre la conveniencia de incorporar la educaci\u00f3n religiosa a las escuelas p\u00fablicas impactan contra la tolerancia propuesta por la Ley 1420 y hasta con el esp\u00edritu de la Constituci\u00f3n Argentina.<\/p>\n<p>La decisi\u00f3n de no imponer una orientaci\u00f3n confesional en la educaci\u00f3n argentina tiene un direccionamiento modernizador e igualitario que como sociedad debi\u00e9ramos intentar profundizar y ampliar en lugar de desandar. El sistema educativo proyectado por Sarmiento a fines del siglo XIX, contemplaba, al mismo tiempo que la responsabilidad del Estado nacional sobre la formaci\u00f3n integral de los ciudadanos, la limitaci\u00f3n del accionar de las iglesias en el espacio p\u00fablico. La propia Constituci\u00f3n de 1853, de corte liberal, distingue las esferas de lo p\u00fablico y lo privado. La libertad de culto y los valores religiosos, cuya libre elecci\u00f3n el Estado debe garantizar corresponden a las \u201cacciones privadas de los hombres\u201d. Es preocupante que cuando el ministro valora elementos del pasado en relaci\u00f3n a la educaci\u00f3n, haga prevalecer desafortunadas met\u00e1foras sobre la Campa\u00f1a del Desierto por sobre las directrices laicistas, tolerantes e igualitaristas que signaron el desarrollo de la escuela p\u00fablica argentina.<\/p>\n<p>Quiz\u00e1s al ministro Bullrich le quepa en toda su dimensi\u00f3n aquella famosa descripci\u00f3n de Juan Bautista Alberdi: \u201cLos liberales argentinos son amantes plat\u00f3nicos de una deidad que no han visto ni conocen. Ser libre, para ellos no consiste en gobernarse a s\u00ed mismos, sino en gobernar a los otros. La posesi\u00f3n del gobierno: he ah\u00ed toda su libertad. El monopolio del gobierno: he ah\u00ed todo su liberalismo. A fuerza de tomar y amar el gobierno como libertad, no quieren dividirlo, y en toda la participaci\u00f3n de \u00e9l dada a los otros ven un adulterio\u201d. Tal vez, incluso esta definici\u00f3n le quede grande y estos peque\u00f1os neoliberales de hoy sigan sin dar la talla de los liberales de anta\u00f1o.<\/p>\n<p>Tambi\u00e9n en materia educativa la \u00fanica libertad que parecen reconocer los \u201cnuevos liberales\u201d es la de la empresa. Como sostiene Adriana Puiggr\u00f3s al referirse al Perfecto negocio de la educaci\u00f3n: \u201cEl shopping de educaci\u00f3n que ve\u00edamos en la \u00e9poca de Menem como intentos en algunos colegios se ha generalizado cobrando dimensiones in\u00e9ditas. En los medios se ha instalado una maquinaria de reelaboraci\u00f3n del discurso educativo que va destruyendo los soportes simb\u00f3licos de la educaci\u00f3n moderna. Los intereses de Microsoft, Pearson, Banco Santander, Google, entre otras, act\u00faan de manera directa en el pa\u00eds a trav\u00e9s del Ministerio de Educaci\u00f3n y Deportes\u201d.<\/p>\n<p>Tras un manto de seudo modernidad, simulada en la utilizaci\u00f3n de las redes sociales y algunas nuevas tecnolog\u00edas de la informaci\u00f3n y la comunicaci\u00f3n, la concepci\u00f3n del actual ministro de Educaci\u00f3n atrasa 150 a\u00f1os. La participaci\u00f3n de la comunidad educativa para sostener el derecho social a la educaci\u00f3n no puede reducirse a un posteo, o un comentario en una p\u00e1gina web como augura el anuncio oficial del Plan Maestro. Requiere, en primer lugar, el cumplimiento de las leyes. Y luego, m\u00e1s preocupaci\u00f3n por garantizar las libertades de los ciudadanos que por los negocios de las empresas.<\/p>\n<p>* Secretaria general de Ctera.<\/p>\n<h6>Fuente: P\u00e1gina 12<\/h6>\n","protected":false},"excerpt":{"rendered":"<p>Que el ministro de Educaci\u00f3n y Deportes de la Naci\u00f3n no tiene un gran apego a las leyes vigentes no es ninguna novedad. Hace meses que su negativa a cumplir con la Ley de Financiamiento Educativo sostiene y profundiza un conflicto con la comunidad educativa en general y con los docentes en particular.<\/p>\n","protected":false},"author":2,"featured_media":62244,"comment_status":"closed","ping_status":"closed","sticky":false,"template":"","format":"standard","meta":{"footnotes":""},"categories":[6],"tags":[21],"class_list":["post-62243","post","type-post","status-publish","format-standard","has-post-thumbnail","hentry","category-opiniones","tag-argentina"],"_links":{"self":[{"href":"http:\/\/argentinamunicipal.com.ar\/argentina\/wp-json\/wp\/v2\/posts\/62243","targetHints":{"allow":["GET"]}}],"collection":[{"href":"http:\/\/argentinamunicipal.com.ar\/argentina\/wp-json\/wp\/v2\/posts"}],"about":[{"href":"http:\/\/argentinamunicipal.com.ar\/argentina\/wp-json\/wp\/v2\/types\/post"}],"author":[{"embeddable":true,"href":"http:\/\/argentinamunicipal.com.ar\/argentina\/wp-json\/wp\/v2\/users\/2"}],"replies":[{"embeddable":true,"href":"http:\/\/argentinamunicipal.com.ar\/argentina\/wp-json\/wp\/v2\/comments?post=62243"}],"version-history":[{"count":0,"href":"http:\/\/argentinamunicipal.com.ar\/argentina\/wp-json\/wp\/v2\/posts\/62243\/revisions"}],"wp:featuredmedia":[{"embeddable":true,"href":"http:\/\/argentinamunicipal.com.ar\/argentina\/wp-json\/wp\/v2\/media\/62244"}],"wp:attachment":[{"href":"http:\/\/argentinamunicipal.com.ar\/argentina\/wp-json\/wp\/v2\/media?parent=62243"}],"wp:term":[{"taxonomy":"category","embeddable":true,"href":"http:\/\/argentinamunicipal.com.ar\/argentina\/wp-json\/wp\/v2\/categories?post=62243"},{"taxonomy":"post_tag","embeddable":true,"href":"http:\/\/argentinamunicipal.com.ar\/argentina\/wp-json\/wp\/v2\/tags?post=62243"}],"curies":[{"name":"wp","href":"https:\/\/api.w.org\/{rel}","templated":true}]}}