{"id":62249,"date":"2017-04-28T06:23:54","date_gmt":"2017-04-28T09:23:54","guid":{"rendered":"http:\/\/argentinamunicipal.com.ar\/argentina\/?p=62249"},"modified":"2017-04-28T06:23:54","modified_gmt":"2017-04-28T09:23:54","slug":"mar-del-plata-arroyo-ratifico-les-descontara-dia-los-municipales-pararon","status":"publish","type":"post","link":"http:\/\/argentinamunicipal.com.ar\/argentina\/mar-del-plata-arroyo-ratifico-les-descontara-dia-los-municipales-pararon\/","title":{"rendered":"Mar del Plata: Arroyo ratific\u00f3 que les descontar\u00e1 el d\u00eda a los municipales que pararon"},"content":{"rendered":"<p>\u00abSi pago con fondos p\u00fablicos a los que no trabajan ser\u00eda un delincuente\u00bb, dijo el jefe comunal un d\u00eda despu\u00e9s de otra reuni\u00f3n con los municipales que termin\u00f3 sin acuerdo.<\/p>\n<p>El intendente Carlos Arroyo ratific\u00f3 ayer su intenci\u00f3n de descontarles el d\u00eda a los trabajadores de la comuna que el martes acataron el paro dispuesto por el Sindicato de Trabajadores Municipales (STM).<\/p>\n<p>\u201cAdministro fondos del Estado, de los contribuyentes, por eso no le puedo pagar a los que no trabajen. Si pago con fondos p\u00fablicos a quienes no trabajan ser\u00eda un delincuente. Entonces, si la Justicia me dice que tengo que pagar, voy a pagar\u201d, dijo el jefe comunal a Radio Brisas.<\/p>\n<p>Arroyo coment\u00f3 que siempre pens\u00f3 que los empleados del municipio deben tener \u201cun buen sueldo\u201d porque \u201ctodos tienen que tener un mejor sueldo\u201d.<\/p>\n<p>\u201cPara el trabajador, el sueldo no alcanza, pero en la situaci\u00f3n en la que estoy tengo que mejorar una ciudad de un mill\u00f3n de habitantes, por eso no puedo destinar todo el presupuesto a pagar sueldos. El 80 por ciento de lo que se recauda va para sueldos y eso es una barbaridad. En cualquier lugar no se utiliza m\u00e1s del 40 por ciento\u201d, indic\u00f3.<\/p>\n<p>El intendente sostuvo que \u201ccuando se analiza la situaci\u00f3n de los municipales en la provincia, los trabajadores de General Pueyrredon tienen los sueldos m\u00e1s altos del resto de la provincia\u201d.<\/p>\n<p>\u201cNo le niego el derecho leg\u00edtimo de reclamar mayor sueldo porque no ha parado la inflaci\u00f3n. Soy parte del gobierno, pero digo la verdad. Si fuera por m\u00ed, le pagar\u00eda todo porque los quiero a los empleados, pero no puedo destinar todo a pagar sueldos\u201d, apunt\u00f3.<\/p>\n<p>Arroyo hab\u00eda adelantado su intenci\u00f3n de descontarles el d\u00eda de paro a los municipales en la previa de la medida de fuerza que realiz\u00f3 el Sindicato de Trabajadores Municipales (STM) ante la falta de acuerdo en las paritarias.<\/p>\n<p>El mi\u00e9rcoles, funcionarios del gobierno local y la c\u00fapula del STM volvieron a reunirse en el Ministerio de Trabajo, pero no hubo consenso sobre el monto de incremento salarial para este a\u00f1o.<\/p>\n<p>El Ejecutivo propuso un incremento de 18% a pagar en cuatro partes (una por trimestre) y una cl\u00e1usula gatillo para que se active un incremento autom\u00e1tico en caso de que la inflaci\u00f3n oficial supere el porcentaje. El STM pidi\u00f3 un 25% y luego acept\u00f3 bajar la solicitud a 22% en tres tramos con la cl\u00e1usula gatillo, pero el gobierno tampoco acept\u00f3. Hoy, dirigentes de la Federaci\u00f3n de Sindicatos Municipales bonaerenses se mostrar\u00e1n en la ciudad con autoridades del gremio local para respaldar el reclamo.<\/p>\n<h6>Fuente: La Capital Mar del Plata<\/h6>\n","protected":false},"excerpt":{"rendered":"<p>\u00abSi pago con fondos p\u00fablicos a los que no trabajan ser\u00eda un delincuente\u00bb, dijo el jefe comunal un d\u00eda despu\u00e9s de otra reuni\u00f3n con los municipales que termin\u00f3 sin acuerdo.<\/p>\n","protected":false},"author":2,"featured_media":62250,"comment_status":"closed","ping_status":"closed","sticky":false,"template":"","format":"standard","meta":{"footnotes":""},"categories":[7],"tags":[12],"class_list":["post-62249","post","type-post","status-publish","format-standard","has-post-thumbnail","hentry","category-informe-sindical","tag-buenos-aires"],"_links":{"self":[{"href":"http:\/\/argentinamunicipal.com.ar\/argentina\/wp-json\/wp\/v2\/posts\/62249","targetHints":{"allow":["GET"]}}],"collection":[{"href":"http:\/\/argentinamunicipal.com.ar\/argentina\/wp-json\/wp\/v2\/posts"}],"about":[{"href":"http:\/\/argentinamunicipal.com.ar\/argentina\/wp-json\/wp\/v2\/types\/post"}],"author":[{"embeddable":true,"href":"http:\/\/argentinamunicipal.com.ar\/argentina\/wp-json\/wp\/v2\/users\/2"}],"replies":[{"embeddable":true,"href":"http:\/\/argentinamunicipal.com.ar\/argentina\/wp-json\/wp\/v2\/comments?post=62249"}],"version-history":[{"count":0,"href":"http:\/\/argentinamunicipal.com.ar\/argentina\/wp-json\/wp\/v2\/posts\/62249\/revisions"}],"wp:featuredmedia":[{"embeddable":true,"href":"http:\/\/argentinamunicipal.com.ar\/argentina\/wp-json\/wp\/v2\/media\/62250"}],"wp:attachment":[{"href":"http:\/\/argentinamunicipal.com.ar\/argentina\/wp-json\/wp\/v2\/media?parent=62249"}],"wp:term":[{"taxonomy":"category","embeddable":true,"href":"http:\/\/argentinamunicipal.com.ar\/argentina\/wp-json\/wp\/v2\/categories?post=62249"},{"taxonomy":"post_tag","embeddable":true,"href":"http:\/\/argentinamunicipal.com.ar\/argentina\/wp-json\/wp\/v2\/tags?post=62249"}],"curies":[{"name":"wp","href":"https:\/\/api.w.org\/{rel}","templated":true}]}}