{"id":62252,"date":"2017-04-28T06:28:24","date_gmt":"2017-04-28T09:28:24","guid":{"rendered":"http:\/\/argentinamunicipal.com.ar\/argentina\/?p=62252"},"modified":"2017-04-28T06:28:24","modified_gmt":"2017-04-28T09:28:24","slug":"necesario-confluir-frente-popular","status":"publish","type":"post","link":"http:\/\/argentinamunicipal.com.ar\/argentina\/necesario-confluir-frente-popular\/","title":{"rendered":"\u201cEs necesario confluir en un frente popular\u201d"},"content":{"rendered":"<p>La Declaraci\u00f3n de N\u00facleos Culturales surgi\u00f3 de un encuentro realizado en Caras y Caretas para acompa\u00f1ar \u201cel creciente estado de movilizaci\u00f3n social\u201d, denunciar los m\u00e9todos represivos y persecutorios, y promover un espacio nacional que enfrente al Gobierno.<\/p>\n<p>El creciente estado de movilizaci\u00f3n social frente a \u201clas maquinarias de la reproducci\u00f3n econ\u00f3mica y pol\u00edtica de desigualdad y disciplinamiento social\u201d llev\u00f3 a unas 35 organizaciones culturales a generar un espacio de deliberaci\u00f3n y organizaci\u00f3n. El objetivo es acompa\u00f1ar, reflexionar y actuar en pos de una confluencia hacia \u201cun frente nacional, popular y democr\u00e1tico\u201d que enfrente al gobierno macrista.<\/p>\n<p>El encuentro se realiz\u00f3 en el Centro Cultural Caras y Caretas, ubicado en el porte\u00f1o barrio de San Telmo. Hasta all\u00ed llegaron algo m\u00e1s de un centenar de representantes de organizaciones como el Frente de Artistas y Trabajadores de las Culturas, la Coalici\u00f3n para una Comunicaci\u00f3n Democr\u00e1tica, Carta Abierta, Justicia Leg\u00edtima, el Instituto Argentino para el Desarrollo Argentino, la Red de Construcci\u00f3n Ciudadana, la Asociaci\u00f3n de Comunicadores de la Argentina por Internet, Colectivo de Teolog\u00eda de la Liberaci\u00f3n Pichi Meisegeiere, Comunicadores de la Argentina, Teatro por la Identidad, Mujeres Cineastas, Uni\u00f3n Nacional de Artistas Visuales, la Asociaci\u00f3n de Reporteros Gr\u00e1ficos, Agencia Paco Urondo, Llamamiento Jud\u00edo, Cient\u00edficos y Universitarios Autoconvocados de Buenos Aires, Entre R\u00edos, Bariloche y Santa Fe, Ateneo Cient\u00edficos Tucumanos, Agrupaci\u00f3n de Docentes Universitarios Nicol\u00e1s Casullo, Red Federal de Mujeres, el Centro Cultural de la Cooperaci\u00f3n y los due\u00f1os de casa, entre otros.<\/p>\n<p>El grupo de cient\u00edficos, periodistas e intelectuales, entre los que participaron Horacio Gonz\u00e1lez y Mar\u00eda Seoane, habl\u00f3, analiz\u00f3 y redact\u00f3 un documento de convocatoria que naci\u00f3 a partir de la llegada de Mauricio Macri a la Presidencia. Estos n\u00facleos culturales entienden que el gobierno nacional no representa una simple alternancia republicana sino la implementaci\u00f3n de un proyecto de \u201csustituci\u00f3n imperativa\u201d que reniega de cualquier \u201chorizonte de igualitarismo social\u201d.<\/p>\n<p>Esta nueva coalici\u00f3n redact\u00f3 un documento que denomin\u00f3 \u201cDeclaraci\u00f3n de N\u00facleos Culturales ante la grave situaci\u00f3n del pa\u00eds\u201d. All\u00ed afirman que la implementaci\u00f3n de m\u00e9todos represivos y de persecuci\u00f3n, que se expresan en el encarcelamiento de Milagro Sala y el acoso judicial de Cristina Kirchner, los llev\u00f3 a plantear la necesidad de aportar a la construcci\u00f3n de \u201cun frente nacional, popular y democr\u00e1tico superador, respetando la singularidad de cada sector\u201d.<\/p>\n<h6>Fuente: P\u00e1gina 12<\/h6>\n","protected":false},"excerpt":{"rendered":"<p>La Declaraci\u00f3n de N\u00facleos Culturales surgi\u00f3 de un encuentro realizado en Caras y Caretas para acompa\u00f1ar \u201cel creciente estado de movilizaci\u00f3n social\u201d, denunciar los m\u00e9todos represivos y persecutorios, y promover un espacio nacional que enfrente al Gobierno.<\/p>\n","protected":false},"author":2,"featured_media":62253,"comment_status":"closed","ping_status":"closed","sticky":false,"template":"","format":"standard","meta":{"footnotes":""},"categories":[8],"tags":[21],"class_list":["post-62252","post","type-post","status-publish","format-standard","has-post-thumbnail","hentry","category-informe-nacional","tag-argentina"],"_links":{"self":[{"href":"http:\/\/argentinamunicipal.com.ar\/argentina\/wp-json\/wp\/v2\/posts\/62252","targetHints":{"allow":["GET"]}}],"collection":[{"href":"http:\/\/argentinamunicipal.com.ar\/argentina\/wp-json\/wp\/v2\/posts"}],"about":[{"href":"http:\/\/argentinamunicipal.com.ar\/argentina\/wp-json\/wp\/v2\/types\/post"}],"author":[{"embeddable":true,"href":"http:\/\/argentinamunicipal.com.ar\/argentina\/wp-json\/wp\/v2\/users\/2"}],"replies":[{"embeddable":true,"href":"http:\/\/argentinamunicipal.com.ar\/argentina\/wp-json\/wp\/v2\/comments?post=62252"}],"version-history":[{"count":0,"href":"http:\/\/argentinamunicipal.com.ar\/argentina\/wp-json\/wp\/v2\/posts\/62252\/revisions"}],"wp:featuredmedia":[{"embeddable":true,"href":"http:\/\/argentinamunicipal.com.ar\/argentina\/wp-json\/wp\/v2\/media\/62253"}],"wp:attachment":[{"href":"http:\/\/argentinamunicipal.com.ar\/argentina\/wp-json\/wp\/v2\/media?parent=62252"}],"wp:term":[{"taxonomy":"category","embeddable":true,"href":"http:\/\/argentinamunicipal.com.ar\/argentina\/wp-json\/wp\/v2\/categories?post=62252"},{"taxonomy":"post_tag","embeddable":true,"href":"http:\/\/argentinamunicipal.com.ar\/argentina\/wp-json\/wp\/v2\/tags?post=62252"}],"curies":[{"name":"wp","href":"https:\/\/api.w.org\/{rel}","templated":true}]}}